{"id":123585,"date":"2023-06-20T09:48:37","date_gmt":"2023-06-20T12:48:37","guid":{"rendered":"https:\/\/vinasfm.com\/noticias\/?p=123585"},"modified":"2023-06-21T09:28:46","modified_gmt":"2023-06-21T12:28:46","slug":"que-implica-la-reglamentacion-de-la-ley-de-cuidados-paliativos-en-los-hospitales-de-mendoza","status":"publish","type":"post","link":"https:\/\/vinasfm.com\/noticias\/que-implica-la-reglamentacion-de-la-ley-de-cuidados-paliativos-en-los-hospitales-de-mendoza\/","title":{"rendered":"QU\u00c9 IMPLICA LA REGLAMENTACI\u00d3N DE LA LEY DE CUIDADOS PALIATIVOS EN LOS HOSPITALES DE MENDOZA"},"content":{"rendered":"<p><strong>Si bien varios nosocomios implementan el servicio desde hace a\u00f1os, ahora deber\u00e1n acoplarse a lo dispuesto por la normativa publicada en el Bolet\u00edn Oficial. Por el momento, se aguarda que la Provincia adhiera a la medida.<\/strong><\/p>\n<p>El Ministerio de Salud de la Naci\u00f3n reglament\u00f3 el jueves pasado la Ley Nacional 27.678 de Cuidados Paliativos.\u00a0La medida, publicada en el Bolet\u00edn Oficial mediante el decreto 311\/2023, fue presentada en el Consejo Federal de Salud (CoFeSa) y\u00a0ahora se aguarda que las jurisdicciones provinciales, entre ellas, Mendoza, adhieran a la normativa.<\/p>\n<p>La Ley de Cuidados Paliativos tiene entre sus principales ejes la implementaci\u00f3n de acciones necesarias para el desarrollo de estrategias de atenci\u00f3n interdisciplinaria y el acceso a las terapias disponibles para la atenci\u00f3n paliativa de los pacientes.<\/p>\n<h2 id=\"h-mendoza-a-la-vanguardia\" class=\"wp-block-heading\">Mendoza, a la vanguardia<\/h2>\n<p>Pese a que la normativa se reglament\u00f3 hace muy pocos d\u00edas,\u00a0en Mendoza ya se aplica en algunos efectores p\u00fablicos como el hospital Central, el Notti, Lagomaggiore, Scaravelli de Tunuy\u00e1n y Perrupato de San Mart\u00edn.<\/p>\n<p>En la mayor\u00eda de los casos, el acompa\u00f1amiento se realiza a pacientes terminales oncol\u00f3gicos y a personas que atraviesan otro tipo de enfermedades cr\u00f3nicas, pero\u00a0a diferencia con lo que establece la ley, en Mendoza el abordaje, por lo general, se da s\u00f3lo en los propios nosocomios y no se extiende al domicilio,\u00a0posibilitando as\u00ed una muerte digna junto a sus seres queridos.<\/p>\n<p>El objetivo de la unidad es el paciente y la familia desde una perspectiva biopsicosocial abarcando lo f\u00edsico, lo afectivo y su entorno social.<\/p>\n<p>El equipo comienza su trabajo cuando se comprueba que un paciente no va a responder a tratamientos curativos y que el curso de la enfermedad es irreversible. En ese punto, la atenci\u00f3n se enfoca en paliar el dolor y sostener ps\u00edquicamente a la persona, pero depende en todos los casos de la decisi\u00f3n del enfermo.<\/p>\n<h2>Lo que viene<\/h2>\n<p>Lo interesante con la reglamentaci\u00f3n es que se permitir\u00e1 una mayor difusi\u00f3n y promoci\u00f3n del \u00e1rea, algo que en la actualidad no existe o hay muy poca.<\/p>\n<p>Un dato interesante que destacan las m\u00e9dicas del Central es que Cuidados Paliativos no es sin\u00f3nimo de fin de vida, sino que el paciente y su familia est\u00e1n acompa\u00f1ados por un equipo de profesionales que pueden atender diferentes aspectos de su vida a lo largo de su enfermedad.<\/p>\n<p>A la hora de hablar de los m\u00e9dicos paliativistas que existen en la provincia, Abate consign\u00f3 que hay muy pocos m\u00e9dicos que se dedican a esta \u00e1rea, sin embargo, hay profesionales de Nutrici\u00f3n o Trabajo Social que se han mostrado interesados en perfeccionarse en esto y es interesante porque se trata de un trabajo interdisciplinario.<\/p>\n<p><em><strong>\u201cSer\u00eda muy interesante que a partir de la reglamentaci\u00f3n se impulse la formaci\u00f3n de m\u00e9dicos cl\u00ednicos y estudiantes para que la profesi\u00f3n crezca y aumente tambi\u00e9n el recurso humano, algo necesario para llegar a los domicilios de los pacientes. Hoy esa pata de la profesi\u00f3n no est\u00e1 y consideramos que falta mucho\u201d<\/strong><\/em>, expresaron las especialistas.<\/p>\n<p>Frente a esto, la Ley indica que se deber\u00e1n desarrollar acciones con el fin de fortalecer capacidades en el personal de la Salud acerca de cuidados paliativos b\u00e1sicos y especializados. Adem\u00e1s, se buscar\u00e1 promover la investigaci\u00f3n cient\u00edfica en cuidados paliativos.<\/p>\n<p><em><strong>\u201cAhora empieza un trabajo en conjunto. Es necesaria la voluntad pol\u00edtica para que se impulse el sector de los paliativistas a un nivel primordial, algo que ya lo hacen los pa\u00edses m\u00e1s desarrollados. La Ley est\u00e1 reglamentada y ahora hay que ver c\u00f3mo se pone en marcha, cu\u00e1les son las necesidades, las prioridades y dem\u00e1s\u201d,<\/strong><\/em> dijo Miriam Rogel<\/p>\n<p>Otra de las medidas que establece la Ley es el acceso a medicamentos esenciales en cuidados paliativos. Por ellos, de ahora en m\u00e1s se promover\u00e1 que las obras sociales y entidades de medicina prepaga propicien el acceso a dichos medicamentos para sus afiliados.<\/p>\n<p>Asimismo, se garantiza la cobertura de acuerdo con la mejor evidencia cient\u00edfica disponible y s\u00f3lo respecto de tecnolog\u00edas sanitarias aprobadas por la Administraci\u00f3n Nacional de Medicamentos, Alimentos y Tecnolog\u00eda M\u00e9dica (ANMAT).<\/p>\n<p><a href=\"https:\/\/vinasfm.com\/noticias\/wp-content\/uploads\/2023\/06\/reglamentacion-cuidados-paliativos-1.pdf\">reglamentacion-cuidados-paliativos-1<\/a><\/p>\n","protected":false},"excerpt":{"rendered":"<p>Si bien varios nosocomios implementan el servicio desde hace a\u00f1os, ahora deber\u00e1n acoplarse a lo dispuesto por la normativa publicada en &#8230;<\/p>\n","protected":false},"author":7,"featured_media":123586,"comment_status":"open","ping_status":"open","sticky":false,"template":"","format":"standard","meta":{"footnotes":""},"categories":[5,15],"tags":[],"class_list":["post-123585","post","type-post","status-publish","format-standard","has-post-thumbnail","hentry","category-actualidad","category-salud"],"_links":{"self":[{"href":"https:\/\/vinasfm.com\/noticias\/wp-json\/wp\/v2\/posts\/123585","targetHints":{"allow":["GET"]}}],"collection":[{"href":"https:\/\/vinasfm.com\/noticias\/wp-json\/wp\/v2\/posts"}],"about":[{"href":"https:\/\/vinasfm.com\/noticias\/wp-json\/wp\/v2\/types\/post"}],"author":[{"embeddable":true,"href":"https:\/\/vinasfm.com\/noticias\/wp-json\/wp\/v2\/users\/7"}],"replies":[{"embeddable":true,"href":"https:\/\/vinasfm.com\/noticias\/wp-json\/wp\/v2\/comments?post=123585"}],"version-history":[{"count":1,"href":"https:\/\/vinasfm.com\/noticias\/wp-json\/wp\/v2\/posts\/123585\/revisions"}],"predecessor-version":[{"id":123588,"href":"https:\/\/vinasfm.com\/noticias\/wp-json\/wp\/v2\/posts\/123585\/revisions\/123588"}],"wp:featuredmedia":[{"embeddable":true,"href":"https:\/\/vinasfm.com\/noticias\/wp-json\/wp\/v2\/media\/123586"}],"wp:attachment":[{"href":"https:\/\/vinasfm.com\/noticias\/wp-json\/wp\/v2\/media?parent=123585"}],"wp:term":[{"taxonomy":"category","embeddable":true,"href":"https:\/\/vinasfm.com\/noticias\/wp-json\/wp\/v2\/categories?post=123585"},{"taxonomy":"post_tag","embeddable":true,"href":"https:\/\/vinasfm.com\/noticias\/wp-json\/wp\/v2\/tags?post=123585"}],"curies":[{"name":"wp","href":"https:\/\/api.w.org\/{rel}","templated":true}]}}