{"id":123578,"date":"2023-06-20T09:30:50","date_gmt":"2023-06-20T12:30:50","guid":{"rendered":"https:\/\/vinasfm.com\/noticias\/?p=123578"},"modified":"2023-06-21T09:19:53","modified_gmt":"2023-06-21T12:19:53","slug":"la-nacion-presiona-a-mendoza-para-que-adhiera-a-la-ley-de-alcohol-cero","status":"publish","type":"post","link":"https:\/\/vinasfm.com\/noticias\/la-nacion-presiona-a-mendoza-para-que-adhiera-a-la-ley-de-alcohol-cero\/","title":{"rendered":"LA NACI\u00d3N PRESIONA A MENDOZA PARA QUE ADHIERA A LA LEY DE ALCOHOL CERO"},"content":{"rendered":"<p><strong>El ministro de Transporte, Diego Giuliano, destac\u00f3 que Formosa, Santiago del Estero y Neuqu\u00e9n adhirieron recientemente a la ley de Alcohol Cero. Son 16 las provincias que se sumaron, pero Mendoza se niega<\/strong><\/p>\n<p>Al sumarse\u00a0<strong>Neuqu\u00e9n\u00a0<\/strong>esta semana y\u00a0<strong>Formosa<\/strong>\u00a0y\u00a0<strong>Santiago del Estero<\/strong>\u00a0en d\u00edas anteriores,\u00a0<strong>suman 16 las provincias<\/strong>\u00a0que han adherido a la<strong>\u00a0ley de Alcohol Cero\u00a0<\/strong>aprobada en el Congreso de la Naci\u00f3n\u00a0y son 7 -junto a CABA- las que no lo han hecho, incluida\u00a0<strong>Mendoza<\/strong>.<\/p>\n<p>Esto a pesar de la insistencia de autoridades nacionales y de organizaciones no gubernamentales relacionadas con\u00a0<strong>familiares de v\u00edctimas<\/strong>\u00a0de\u00a0<strong>accidentes de tr\u00e1nsito<\/strong>.<\/p>\n<p>Tras conocerse la adhesi\u00f3n neuquina el ministro de Transporte de la Naci\u00f3n,\u00a0<strong>Diego Giuliano<\/strong>, destac\u00f3 que<strong>\u00a0dos de cada tres jurisdicciones<\/strong>\u00a0aplican la normativa en sus rutas, anhel\u00f3 que las 7 provincias que no se han sumado lo hagan y a\u00f1adi\u00f3 en su invocaci\u00f3n a la\u00a0<strong>Ciudad Aut\u00f3noma de Buenos Aires<\/strong>.<\/p>\n<h2>Mendoza ya dijo no a la Ley de Alcohol Cero<\/h2>\n<p>En\u00a0<strong>Mendoza<\/strong>, tanto el Gobierno como entidades empresarias han reiterado su\u00a0<strong>oposici\u00f3n\u00a0<\/strong>a que esta ley se aplique aqu\u00ed por los perjuicios econ\u00f3micos que afectar\u00e1n tanto a la industria vitivin\u00edcola como a la gastronom\u00eda.<\/p>\n<p>S\u00ed, en cambio, hicieron hincapi\u00e9 en que con<strong>\u00a0controles eficaces<\/strong>\u00a0se pueden evitar gran parte de los\u00a0<strong>accidentes de tr\u00e1nsito<\/strong>\u00a0ocasionados por la\u00a0<strong>ingesta excesiva de bebidas alcoh\u00f3licas.<\/strong><\/p>\n<p>Los mismos argumentos son esgrimidos en\u00a0<strong>San Juan<\/strong>, cuyo gobierno es justicialista, es decir de\u00a0<strong>otro color pol\u00edtico<\/strong>\u00a0respecto a Mendoza.<\/p>\n<p>Lo que no est\u00e1 permitido en nuestra provincia para quienes conducen veh\u00edculos particulares es\u00a0<strong>superar los 0,5 gramos de alcohol en sangre<\/strong>.<\/p>\n<h2>Las provincias que adhieren al alcohol cero<\/h2>\n<p>En total\u00a0<strong>son 16 las provincias que implementaron la Ley de Alcohol Cero<\/strong>\u00a0en sus territorios.<\/p>\n<p>Desde que se sancion\u00f3 la\u00a0<strong>norma de tolerancia cero para todas las rutas nacionales<\/strong>, promulgada el mes pasado por el Poder Ejecutivo, y que fue impulsada por el Ministerio de Transporte de la Naci\u00f3n junto con la Agencia Nacional de Seguridad Vial (ANSV) fueron tres las provincias que ya adhirieron a esta nueva normativa:\u00a0<strong>Formosa, Santiago del Estero y Neuqu\u00e9n.<\/strong><\/p>\n<p>La normativa alcanz\u00f3 entonces\u00a0<strong>la adhesi\u00f3n de 16 provincias del pa\u00eds<\/strong>, tras las gestiones del Ministerio de Transporte de la Naci\u00f3n y la Agencia Nacional de Seguridad Vial (ANSV), a cargo de\u00a0<strong>Pablo Mart\u00ednez Carignano<\/strong>.<\/p>\n<p>El ministro de Transporte de la Naci\u00f3n, Giuliano, afirm\u00f3:\u00a0<strong>\u201cQue 2 de cada 3 legislaturas provinciales hayan puesto en vigencia la Ley de Alcohol Cero es, para nosotros, un orgullo enorme.<\/strong>\u00a0Significa que las y los representantes del pueblo coinciden en la importancia de\u00a0<strong>federalizar un criterio com\u00fan<\/strong>\u00a0a la hora de cuidar a sus vecinos y vecinas en las rutas, en que es imprescindible terminar con la especulaci\u00f3n de cu\u00e1nto se puede beber antes de llegar al l\u00edmite tolerable para manejar y, fundamentalmente, entienden que la prioridad es salvar vidas\u201d.<\/p>\n<p><strong>\u201cEsperamos que muy pronto las 7 provincias restantes y la Ciudad de Buenos Aires se sumen para tener un mismo criterio a nivel nacional<\/strong>. Estamos convencidos de que el compromiso con la seguridad vial es compartido en todo el pa\u00eds y eso ya se ve reflejado en\u00a0<strong>2 de cada 3 distritos<\/strong>\u201d, agreg\u00f3 Giuliano.<\/p>\n<p>En la misma l\u00ednea el director ejecutivo de la ANSV, Carignano, declar\u00f3: \u201c<strong>La Ley de Alcohol Cero fue aprobada por una enorme mayor\u00eda de los diputados y senadores nacionales<\/strong>, que representaron fielmente la voluntad de los ciudadanos de sus provincias. Las legislaturas locales est\u00e1n siguiendo esa senda y por eso hoy dos tercios de nuestro pa\u00eds ya tiene tolerancia cero\u201d.<\/p>\n<p><strong>\u201cConfiamos en que las dem\u00e1s provincias den el paso que falta, empezando por Santa Fe y Catamarca, que tienen sendos proyectos de adhesi\u00f3n en tratamiento desde hace dos meses, y luego las restantes.\u00a0<\/strong>Somos un solo pa\u00eds, necesitamos una sola ley de alcoholemia, la \u00fanica que sirve, la de alcohol cero al volante\u201d, finaliz\u00f3 Carignano.<\/p>\n<p>Las provincias que cuentan con la Ley de Alcohol Cero en sus rutas son:\u00a0<strong>Chubut, C\u00f3rdoba, Entre R\u00edos, Jujuy, La Pampa, R\u00edo Negro, Salta, Santa Cruz, Tierra del Fuego, Tucum\u00e1n, Chaco, La Rioja, Buenos Aires,\u00a0<\/strong>y posterior a la promulgaci\u00f3n de la ley nacional se adhirieron\u00a0<strong>Formosa, Santiago del Estero y Neuqu\u00e9n.<\/strong><\/p>\n<p>La\u00a0<strong>Ley Nacional de Alcohol Cero al volante<\/strong>, impulsada por el Ministerio de Transporte de la Naci\u00f3n y la Agencia Nacional de Seguridad Vial (ANSV), se sancion\u00f3 en abril de este a\u00f1o y comenz\u00f3 a regir en<strong>\u00a0todas las rutas nacionales\u00a0<\/strong>a principios de mayo, luego de su promulgaci\u00f3n. Esta ley busca reducir la siniestralidad vial provocada por el consumo de alcohol en la conducci\u00f3n,\u00a0<strong>presente en 1 de cada 4 hechos viales graves<\/strong>.<\/p>\n","protected":false},"excerpt":{"rendered":"<p>El ministro de Transporte, Diego Giuliano, destac\u00f3 que Formosa, Santiago del Estero y Neuqu\u00e9n adhirieron recientemente a la ley de Alcohol &#8230;<\/p>\n","protected":false},"author":7,"featured_media":892,"comment_status":"open","ping_status":"open","sticky":false,"template":"","format":"standard","meta":{"footnotes":""},"categories":[5,10],"tags":[],"class_list":["post-123578","post","type-post","status-publish","format-standard","has-post-thumbnail","hentry","category-actualidad","category-destacadas"],"_links":{"self":[{"href":"https:\/\/vinasfm.com\/noticias\/wp-json\/wp\/v2\/posts\/123578","targetHints":{"allow":["GET"]}}],"collection":[{"href":"https:\/\/vinasfm.com\/noticias\/wp-json\/wp\/v2\/posts"}],"about":[{"href":"https:\/\/vinasfm.com\/noticias\/wp-json\/wp\/v2\/types\/post"}],"author":[{"embeddable":true,"href":"https:\/\/vinasfm.com\/noticias\/wp-json\/wp\/v2\/users\/7"}],"replies":[{"embeddable":true,"href":"https:\/\/vinasfm.com\/noticias\/wp-json\/wp\/v2\/comments?post=123578"}],"version-history":[{"count":2,"href":"https:\/\/vinasfm.com\/noticias\/wp-json\/wp\/v2\/posts\/123578\/revisions"}],"predecessor-version":[{"id":123582,"href":"https:\/\/vinasfm.com\/noticias\/wp-json\/wp\/v2\/posts\/123578\/revisions\/123582"}],"wp:featuredmedia":[{"embeddable":true,"href":"https:\/\/vinasfm.com\/noticias\/wp-json\/wp\/v2\/media\/892"}],"wp:attachment":[{"href":"https:\/\/vinasfm.com\/noticias\/wp-json\/wp\/v2\/media?parent=123578"}],"wp:term":[{"taxonomy":"category","embeddable":true,"href":"https:\/\/vinasfm.com\/noticias\/wp-json\/wp\/v2\/categories?post=123578"},{"taxonomy":"post_tag","embeddable":true,"href":"https:\/\/vinasfm.com\/noticias\/wp-json\/wp\/v2\/tags?post=123578"}],"curies":[{"name":"wp","href":"https:\/\/api.w.org\/{rel}","templated":true}]}}