{"id":123546,"date":"2023-06-19T10:28:38","date_gmt":"2023-06-19T13:28:38","guid":{"rendered":"https:\/\/vinasfm.com\/noticias\/?p=123546"},"modified":"2023-06-20T20:53:39","modified_gmt":"2023-06-20T23:53:39","slug":"el-iscamen-cosecha-citricos-gratuitamente-en-los-domicilios-de-vecinos-que-lo-solicitan","status":"publish","type":"post","link":"https:\/\/vinasfm.com\/noticias\/el-iscamen-cosecha-citricos-gratuitamente-en-los-domicilios-de-vecinos-que-lo-solicitan\/","title":{"rendered":"EL ISCAMEN COSECHA C\u00cdTRICOS GRATUITAMENTE EN LOS DOMICILIOS DE VECINOS QUE LO SOLICITAN"},"content":{"rendered":"<p><strong>El Instituto de Sanidad y Calidad Agropecuaria de Mendoza (Iscamen), est\u00e1 realizando su 15\u00aa campa\u00f1a vinculada a la cosecha de c\u00edtricos en hogares particulares, ya que se trata de lugares donde las plagas pueden quedarse durante el invierno. Son actividades que sirven para mantener los status fitosanitarios alcanzados, por lo que se pide la colaboraci\u00f3n de los vecinos.<\/strong><\/p>\n<p>Mauricio P\u00e1ez, coordinador del oasis sur del Iscamen, explic\u00f3 que <em><strong>\u201clos c\u00edtricos que est\u00e1n en las casas, generalmente son el \u00fanico hospedero para las plagas que est\u00e1n presentes en los meses de invierno\u201d. \u201cLos programas como los nuestros que se dedican al control de plagas, se encuentran en las ciudades y en los centros urbanos, que son lugares m\u00e1s protegidos con respecto a los fr\u00edos del invierno, asociados a que los inviernos no son tan g\u00e9lidos. Las plantas estas que son de climas subtropicales o tropicales, encuentran condiciones favorables para germinar y fructificar protegidas en los centros urbanos<\/strong><\/em>\u201d, dijo y a\u00f1adi\u00f3 que <strong><em>\u201cson un problema porque las plagas ah\u00ed encuentran reservorios para mantener su ciclo biol\u00f3gico en los meses en los que deber\u00edan estar desaparecidas\u201d.<\/em><\/strong><\/p>\n<p>Frente a esto, Iscamen hace una campa\u00f1a vinculada a la aplicaci\u00f3n de insecticida fundamentalmente en naranjas, porque los pomelos y las mandarinas ya se est\u00e1n consumiendo. <em><strong>\u201cEmpezamos dentro de unos d\u00edas a hacer las cosechas para que esas frutas se dispongan, se consuman, porque a veces las plantas adquieren alturas de cuatro o cinco metros, y las frutas que quedan en la parte superior no se consumen, y ah\u00ed entramos con el problema de que el c\u00edtrico puede pasar de un a\u00f1o para el otro y estar presente en la planta\u201d<\/strong><\/em>, destac\u00f3.<\/p>\n<p>Adem\u00e1s de aplicar insecticida, tambi\u00e9n gratuitamente el Iscamen hace cosechas. El vecino simplemente tiene que llamar de lunes a viernes de 7 a 15 al 4442032 (tel\u00e9fono fijo), o son visitados en virtud de una base de datos que tienen. <em><strong>\u201cA partir de esta semana vamos a empezar a cosechar toda la fruta que est\u00e9 madura o que se est\u00e9 por consumir, esto est\u00e1 fundamentalmente destinado al pomelo y la mandarina que ya est\u00e1n en condiciones de ser consumidos, mientras que la naranja (a la que le falta madurez) se pasar\u00e1 para el mes de julio\u201d<\/strong><\/em>, remarc\u00f3.<\/p>\n","protected":false},"excerpt":{"rendered":"<p>El Instituto de Sanidad y Calidad Agropecuaria de Mendoza (Iscamen), est\u00e1 realizando su 15\u00aa campa\u00f1a vinculada a la cosecha de c\u00edtricos &#8230;<\/p>\n","protected":false},"author":7,"featured_media":123557,"comment_status":"open","ping_status":"open","sticky":false,"template":"","format":"standard","meta":{"footnotes":""},"categories":[5,35],"tags":[],"class_list":["post-123546","post","type-post","status-publish","format-standard","has-post-thumbnail","hentry","category-actualidad","category-iscamen"],"_links":{"self":[{"href":"https:\/\/vinasfm.com\/noticias\/wp-json\/wp\/v2\/posts\/123546","targetHints":{"allow":["GET"]}}],"collection":[{"href":"https:\/\/vinasfm.com\/noticias\/wp-json\/wp\/v2\/posts"}],"about":[{"href":"https:\/\/vinasfm.com\/noticias\/wp-json\/wp\/v2\/types\/post"}],"author":[{"embeddable":true,"href":"https:\/\/vinasfm.com\/noticias\/wp-json\/wp\/v2\/users\/7"}],"replies":[{"embeddable":true,"href":"https:\/\/vinasfm.com\/noticias\/wp-json\/wp\/v2\/comments?post=123546"}],"version-history":[{"count":1,"href":"https:\/\/vinasfm.com\/noticias\/wp-json\/wp\/v2\/posts\/123546\/revisions"}],"predecessor-version":[{"id":123558,"href":"https:\/\/vinasfm.com\/noticias\/wp-json\/wp\/v2\/posts\/123546\/revisions\/123558"}],"wp:featuredmedia":[{"embeddable":true,"href":"https:\/\/vinasfm.com\/noticias\/wp-json\/wp\/v2\/media\/123557"}],"wp:attachment":[{"href":"https:\/\/vinasfm.com\/noticias\/wp-json\/wp\/v2\/media?parent=123546"}],"wp:term":[{"taxonomy":"category","embeddable":true,"href":"https:\/\/vinasfm.com\/noticias\/wp-json\/wp\/v2\/categories?post=123546"},{"taxonomy":"post_tag","embeddable":true,"href":"https:\/\/vinasfm.com\/noticias\/wp-json\/wp\/v2\/tags?post=123546"}],"curies":[{"name":"wp","href":"https:\/\/api.w.org\/{rel}","templated":true}]}}