{"id":123519,"date":"2023-06-17T06:39:12","date_gmt":"2023-06-17T09:39:12","guid":{"rendered":"https:\/\/vinasfm.com\/noticias\/?p=123519"},"modified":"2023-06-21T09:39:59","modified_gmt":"2023-06-21T12:39:59","slug":"las-actividades-por-el-dia-de-la-bandera-se-centraran-en-alvear-oeste","status":"publish","type":"post","link":"https:\/\/vinasfm.com\/noticias\/las-actividades-por-el-dia-de-la-bandera-se-centraran-en-alvear-oeste\/","title":{"rendered":"LAS ACTIVIDADES POR EL D\u00cdA DE LA BANDERA SE CENTRAR\u00c1N EN ALVEAR OESTE"},"content":{"rendered":"<p><strong>Cada 20 de junio se conmemora el D\u00eda de la Bandera, d\u00eda festivo dedicado a la bandera argentina y a la conmemoraci\u00f3n de su creador, Manuel Belgrano, fallecido en ese d\u00eda de 1820. Como cada a\u00f1o, las actividades se centrar\u00e1n en Alvear Oeste.<\/strong><\/p>\n<p><strong><em>\u00abNos estamos preparando para lo que ser\u00eda el 20 de junio, que es el D\u00eda de la Bandera, que como siempre se conmemora y se celebra ah\u00ed en el distrito de Alviar Oeste\u00bb<\/em><\/strong>, indic\u00f3 Emanuel Navarro, Delegado de Alvear Oeste.<\/p>\n<p>&nbsp;<\/p>\n<p>En cuando al cronograma de actividades, Navarro se\u00f1al\u00f3;<em><strong> \u00abtendremos el Desayuno Patri\u00f3tico a las 09:30 h en el Club Ferrocarril. Luego se realizar\u00e1 el acto oficial en la Plaza Manuel Belgrano donde las escuelas primarias del distrito estar\u00edan realizando la Promesa de la Lealtad a la Bandera\u00bb.\u00a0<\/strong><\/em> Ser\u00e1n alrededor de 60 alumnos, tambi\u00e9n estar\u00e1n presentes alumnos de la Escuela de Cadetes y deOficiale.<\/p>\n<p><a href=\"https:\/\/vinasfm.com\/noticias\/wp-content\/uploads\/2023\/06\/WhatsApp-Image-2023-06-19-at-22.43.43.jpeg\"><img loading=\"lazy\" decoding=\"async\" class=\"wp-image-123571 aligncenter\" src=\"https:\/\/vinasfm.com\/noticias\/wp-content\/uploads\/2023\/06\/WhatsApp-Image-2023-06-19-at-22.43.43.jpeg\" alt=\"\" width=\"500\" height=\"564\" srcset=\"https:\/\/vinasfm.com\/noticias\/wp-content\/uploads\/2023\/06\/WhatsApp-Image-2023-06-19-at-22.43.43.jpeg 1078w, https:\/\/vinasfm.com\/noticias\/wp-content\/uploads\/2023\/06\/WhatsApp-Image-2023-06-19-at-22.43.43-266x300.jpeg 266w, https:\/\/vinasfm.com\/noticias\/wp-content\/uploads\/2023\/06\/WhatsApp-Image-2023-06-19-at-22.43.43-907x1024.jpeg 907w, https:\/\/vinasfm.com\/noticias\/wp-content\/uploads\/2023\/06\/WhatsApp-Image-2023-06-19-at-22.43.43-768x867.jpeg 768w\" sizes=\"auto, (max-width: 500px) 100vw, 500px\" \/><\/a><\/p>\n<p><em><strong>\u00abSi llega a llover el acto se trasladar\u00e1 al sal\u00f3n mayor del Club Ferrocarril Oeste\u00bb<\/strong><\/em>, subray\u00f3 el Delegado de Alvear Oeste.<\/p>\n<p><a href=\"https:\/\/vinasfm.com\/noticias\/wp-content\/uploads\/2023\/06\/WhatsApp-Image-2023-06-16-at-12.54.53.jpeg\"><img loading=\"lazy\" decoding=\"async\" class=\"wp-image-123511 aligncenter\" src=\"https:\/\/vinasfm.com\/noticias\/wp-content\/uploads\/2023\/06\/WhatsApp-Image-2023-06-16-at-12.54.53.jpeg\" alt=\"\" width=\"450\" height=\"515\" srcset=\"https:\/\/vinasfm.com\/noticias\/wp-content\/uploads\/2023\/06\/WhatsApp-Image-2023-06-16-at-12.54.53.jpeg 1064w, https:\/\/vinasfm.com\/noticias\/wp-content\/uploads\/2023\/06\/WhatsApp-Image-2023-06-16-at-12.54.53-262x300.jpeg 262w, https:\/\/vinasfm.com\/noticias\/wp-content\/uploads\/2023\/06\/WhatsApp-Image-2023-06-16-at-12.54.53-895x1024.jpeg 895w, https:\/\/vinasfm.com\/noticias\/wp-content\/uploads\/2023\/06\/WhatsApp-Image-2023-06-16-at-12.54.53-768x878.jpeg 768w\" sizes=\"auto, (max-width: 450px) 100vw, 450px\" \/><\/a><\/p>\n<p>Durante el d\u00eda tambi\u00e9n ser\u00e1 la llegada de la Carrera de la Bandera. <em><strong>\u00abExactamente a las tres de la tarde se va a estar realizando la Carrera de la Bandera. Comenzar\u00e1 en el Polideportivo y se da por terminada en lo que es la Plaza Manuel Belgrano\u00bb<\/strong><\/em>, cerr\u00f3 Emanuel Navarro<\/p>\n","protected":false},"excerpt":{"rendered":"<p>Cada 20 de junio se conmemora el D\u00eda de la Bandera, d\u00eda festivo dedicado a la bandera argentina y a la &#8230;<\/p>\n","protected":false},"author":7,"featured_media":123510,"comment_status":"open","ping_status":"open","sticky":false,"template":"","format":"standard","meta":{"footnotes":""},"categories":[5,10],"tags":[],"class_list":["post-123519","post","type-post","status-publish","format-standard","has-post-thumbnail","hentry","category-actualidad","category-destacadas"],"_links":{"self":[{"href":"https:\/\/vinasfm.com\/noticias\/wp-json\/wp\/v2\/posts\/123519","targetHints":{"allow":["GET"]}}],"collection":[{"href":"https:\/\/vinasfm.com\/noticias\/wp-json\/wp\/v2\/posts"}],"about":[{"href":"https:\/\/vinasfm.com\/noticias\/wp-json\/wp\/v2\/types\/post"}],"author":[{"embeddable":true,"href":"https:\/\/vinasfm.com\/noticias\/wp-json\/wp\/v2\/users\/7"}],"replies":[{"embeddable":true,"href":"https:\/\/vinasfm.com\/noticias\/wp-json\/wp\/v2\/comments?post=123519"}],"version-history":[{"count":3,"href":"https:\/\/vinasfm.com\/noticias\/wp-json\/wp\/v2\/posts\/123519\/revisions"}],"predecessor-version":[{"id":123572,"href":"https:\/\/vinasfm.com\/noticias\/wp-json\/wp\/v2\/posts\/123519\/revisions\/123572"}],"wp:featuredmedia":[{"embeddable":true,"href":"https:\/\/vinasfm.com\/noticias\/wp-json\/wp\/v2\/media\/123510"}],"wp:attachment":[{"href":"https:\/\/vinasfm.com\/noticias\/wp-json\/wp\/v2\/media?parent=123519"}],"wp:term":[{"taxonomy":"category","embeddable":true,"href":"https:\/\/vinasfm.com\/noticias\/wp-json\/wp\/v2\/categories?post=123519"},{"taxonomy":"post_tag","embeddable":true,"href":"https:\/\/vinasfm.com\/noticias\/wp-json\/wp\/v2\/tags?post=123519"}],"curies":[{"name":"wp","href":"https:\/\/api.w.org\/{rel}","templated":true}]}}