{"id":123514,"date":"2023-06-17T10:40:48","date_gmt":"2023-06-17T13:40:48","guid":{"rendered":"https:\/\/vinasfm.com\/noticias\/?p=123514"},"modified":"2023-06-19T10:20:33","modified_gmt":"2023-06-19T13:20:33","slug":"desde-la-camara-de-comercio-siguen-apostando-por-la-educacion","status":"publish","type":"post","link":"https:\/\/vinasfm.com\/noticias\/desde-la-camara-de-comercio-siguen-apostando-por-la-educacion\/","title":{"rendered":"DESDE LA C\u00c1MARA DE COMERCIO SIGUEN APOSTANDO POR LA EDUCACI\u00d3N"},"content":{"rendered":"<h4>La c\u00e1mara trabaja para ampliar la matriz productiva, ofreciendo una capacitaci\u00f3n en programaci\u00f3n Full Stack para generar emprendedores tecnol\u00f3gicos y recursos humanos calificados. La carrera online cuenta con mentores y trabaja en habilidades blandas. El primer m\u00f3dulo es gratuito y los interesados pueden inscribirse hasta el 15 de julio. Tambi\u00e9n hay facilidades para aquellos que no tienen computadora. La carrera tiene una duraci\u00f3n de 12 meses con un costo de 15.000 pesos al mes<\/h4>\n<p>Sus dos principales objetivos se basan en la idea de generar a trav\u00e9s de los chicos que estudian la carrera y emprendedores tecnol\u00f3gicos, y por otro lado tambi\u00e9n la idea es generar recursos humanos calificados para trabajar en la industria del conocimiento.<\/p>\n<p>Carlos Hern\u00e1ndez integrante de la C\u00e1mara de Comercio se refiri\u00f3 a esta carrera de la siguiente manera:<strong> &#8216;estamos sembrando esto para el futuro, el a\u00f1o pasado hicimos una prueba piloto, en donde ocho chicos egresaron de la carrera de programador Full Start, fue una experiencia muy agradable porque algunos de los chicos ya est\u00e1n trabajando en algunas empresas y otros siguen capacit\u00e1ndose&#8217;<\/strong><\/p>\n<p>Del mismo modo aporto algunos detalles de importancia para los interesados en la carrera <em><strong>&#8216;La<\/strong><strong> edad m\u00ednima ronda los 17 a\u00f1os, 17 a\u00f1os para arriba, el a\u00f1o pasado hab\u00edan personas de 40 y de 20, respecto al costo de la carrera, el\u00a0 primer m\u00f3dulo es introductorio donde los chicos cursan 12 clases de 2 horas por d\u00eda totalmente gratuito, despu\u00e9s de ah\u00ed terminan ese peque\u00f1o curso y empieza la carrera\u00a0 la cual dura 12 meses, tiene un costo por mes de 10 cuotas fijas de 15.000 pesos&#8217;<\/strong><\/em><\/p>\n<p>&nbsp;<\/p>\n<h6><span style=\"color: #339966;\">Ludmila Lucero<\/span><\/h6>\n<p>&nbsp;<\/p>\n<p>&nbsp;<\/p>\n","protected":false},"excerpt":{"rendered":"<p>La c\u00e1mara trabaja para ampliar la matriz productiva, ofreciendo una capacitaci\u00f3n en programaci\u00f3n Full Stack para generar emprendedores tecnol\u00f3gicos y recursos &#8230;<\/p>\n","protected":false},"author":7,"featured_media":123520,"comment_status":"open","ping_status":"open","sticky":false,"template":"","format":"standard","meta":{"footnotes":""},"categories":[5,18],"tags":[],"class_list":["post-123514","post","type-post","status-publish","format-standard","has-post-thumbnail","hentry","category-actualidad","category-educacion"],"_links":{"self":[{"href":"https:\/\/vinasfm.com\/noticias\/wp-json\/wp\/v2\/posts\/123514","targetHints":{"allow":["GET"]}}],"collection":[{"href":"https:\/\/vinasfm.com\/noticias\/wp-json\/wp\/v2\/posts"}],"about":[{"href":"https:\/\/vinasfm.com\/noticias\/wp-json\/wp\/v2\/types\/post"}],"author":[{"embeddable":true,"href":"https:\/\/vinasfm.com\/noticias\/wp-json\/wp\/v2\/users\/7"}],"replies":[{"embeddable":true,"href":"https:\/\/vinasfm.com\/noticias\/wp-json\/wp\/v2\/comments?post=123514"}],"version-history":[{"count":1,"href":"https:\/\/vinasfm.com\/noticias\/wp-json\/wp\/v2\/posts\/123514\/revisions"}],"predecessor-version":[{"id":123522,"href":"https:\/\/vinasfm.com\/noticias\/wp-json\/wp\/v2\/posts\/123514\/revisions\/123522"}],"wp:featuredmedia":[{"embeddable":true,"href":"https:\/\/vinasfm.com\/noticias\/wp-json\/wp\/v2\/media\/123520"}],"wp:attachment":[{"href":"https:\/\/vinasfm.com\/noticias\/wp-json\/wp\/v2\/media?parent=123514"}],"wp:term":[{"taxonomy":"category","embeddable":true,"href":"https:\/\/vinasfm.com\/noticias\/wp-json\/wp\/v2\/categories?post=123514"},{"taxonomy":"post_tag","embeddable":true,"href":"https:\/\/vinasfm.com\/noticias\/wp-json\/wp\/v2\/tags?post=123514"}],"curies":[{"name":"wp","href":"https:\/\/api.w.org\/{rel}","templated":true}]}}