{"id":123513,"date":"2023-06-17T10:13:36","date_gmt":"2023-06-17T13:13:36","guid":{"rendered":"https:\/\/vinasfm.com\/noticias\/?p=123513"},"modified":"2023-06-19T10:05:04","modified_gmt":"2023-06-19T13:05:04","slug":"comenzaron-los-preparativos-para-la-octava-edicion-de-emprender-alvear","status":"publish","type":"post","link":"https:\/\/vinasfm.com\/noticias\/comenzaron-los-preparativos-para-la-octava-edicion-de-emprender-alvear\/","title":{"rendered":"COMENZARON LOS PREPARATIVOS PARA LA OCTAVA EDICI\u00d3N DE \u201cEMPRENDER ALVEAR\u201d"},"content":{"rendered":"<p><strong>Comenzaron los preparativos para una nueva edici\u00f3n de &#8216;Emprender Alvear&#8217;, con un formato nuevo, incluyendo capacitaciones y un proceso de pre-incubaci\u00f3n para acompa\u00f1ar a los emprendedores en el camino hacia sus proyectos. <\/strong><\/p>\n<p><strong><em>\u00abEstamos preparando la octava edici\u00f3n de \u2018Emprender\u2019 y viene con un formato refrescado, adem\u00e1s de las charlas motivacionales, como usualmente ven\u00edan los formatos anteriores\u00bb<\/em><\/strong>, expres\u00f3 la presidenta de la C\u00e1mara Joven,<span style=\"color: #800080;\"><strong> Marina Rodr\u00edguez.<\/strong><\/span><\/p>\n<p><strong><em>\u00abLa idea es darle un nuevo formato al &#8216;Emprender&#8217; que actualmente conocen. Para esto comenzamos a trabajar desde principio de a\u00f1o con la &#8216;UTN San Rafael&#8217;, junto con el grupo de profesionales que encabeza \u00c1ngel Quiles\u00bb<\/em><\/strong>, indic\u00f3<strong><span style=\"color: #800080;\"> Gonzalo Marcolini<\/span><\/strong> y agreg\u00f3 <strong><em>\u00abla idea es apoyar a todo aquel emprendedor que tenga una idea o un proyecto a transitar todo este camino que es muy largo para poder validarlo y se necesita obviamente siempre de tiempo y financiamiento y acompa\u00f1amiento. En ese caso la c\u00e1mara joven y la c\u00e1mara de comercio estamos trabajando en conjunto para poder concretar ideas, concretar proyectos en Alvear y que colaboren en lo que es la matriz productiva del departamento\u00bb.<\/em><\/strong><\/p>\n<p>Este nuevo formato consistir\u00e1 en tres meses de capacitaci\u00f3n para toda aquella persona que se inscriba y que pase una serie de filtros en donde se analizar\u00e1 el tipo de proyecto, junto a profesionales especializados. A partir del pr\u00f3ximo 6 de octubre comenzar\u00e1 el financiamiento de los proyectos.<\/p>\n<p>Las inscripciones a las capacitaciones abrieron el d\u00eda de ayer, quienes deseen formar parte podr\u00e1n encontrar el formulario en <a href=\"http:\/\/camaradealvear.org.ar\/\">http:\/\/camaradealvear.org.ar\/<\/a><\/p>\n<p><strong>\u00bfQu\u00e9 tipos de proyectos pueden formar parte?<\/strong><\/p>\n<p>Marcolini indic\u00f3 <strong><em>\u00aben esta primera edici\u00f3n no hemos puesto un l\u00edmite porque creemos que vamos a tener una convocatoria y tratar de ir direccionando un poco los proyectos, por eso est\u00e1 abierto a todo tipo de ideas\u00bb.<\/em><\/strong><\/p>\n<p><strong>Emprender Alvear<\/strong><\/p>\n<p>El evento se va a realizar el d\u00eda 6 de octubre en el Sal\u00f3n Fern\u00e1ndez, a\u00fan sin horario confirmado. <strong><em>\u00abNos encontramos buscando qui\u00e9nes van a ser los motivadores, pero a diferencia de otros a\u00f1os vamos a tener menos motivadores porque la idea es que los proyectos seleccionados despu\u00e9s de todas estas capacitaciones puedan tambi\u00e9n dar su speech y contarles al p\u00fablico todo el trabajo que hicieron y de qu\u00e9 se tratan sus proyectos\u00bb<\/em><\/strong>, se\u00f1al\u00f3 Marina Rodr\u00edguez.<\/p>\n","protected":false},"excerpt":{"rendered":"<p>Comenzaron los preparativos para una nueva edici\u00f3n de &#8216;Emprender Alvear&#8217;, con un formato nuevo, incluyendo capacitaciones y un proceso de pre-incubaci\u00f3n &#8230;<\/p>\n","protected":false},"author":7,"featured_media":123517,"comment_status":"open","ping_status":"open","sticky":false,"template":"","format":"standard","meta":{"footnotes":""},"categories":[5,10],"tags":[],"class_list":["post-123513","post","type-post","status-publish","format-standard","has-post-thumbnail","hentry","category-actualidad","category-destacadas"],"_links":{"self":[{"href":"https:\/\/vinasfm.com\/noticias\/wp-json\/wp\/v2\/posts\/123513","targetHints":{"allow":["GET"]}}],"collection":[{"href":"https:\/\/vinasfm.com\/noticias\/wp-json\/wp\/v2\/posts"}],"about":[{"href":"https:\/\/vinasfm.com\/noticias\/wp-json\/wp\/v2\/types\/post"}],"author":[{"embeddable":true,"href":"https:\/\/vinasfm.com\/noticias\/wp-json\/wp\/v2\/users\/7"}],"replies":[{"embeddable":true,"href":"https:\/\/vinasfm.com\/noticias\/wp-json\/wp\/v2\/comments?post=123513"}],"version-history":[{"count":3,"href":"https:\/\/vinasfm.com\/noticias\/wp-json\/wp\/v2\/posts\/123513\/revisions"}],"predecessor-version":[{"id":123518,"href":"https:\/\/vinasfm.com\/noticias\/wp-json\/wp\/v2\/posts\/123513\/revisions\/123518"}],"wp:featuredmedia":[{"embeddable":true,"href":"https:\/\/vinasfm.com\/noticias\/wp-json\/wp\/v2\/media\/123517"}],"wp:attachment":[{"href":"https:\/\/vinasfm.com\/noticias\/wp-json\/wp\/v2\/media?parent=123513"}],"wp:term":[{"taxonomy":"category","embeddable":true,"href":"https:\/\/vinasfm.com\/noticias\/wp-json\/wp\/v2\/categories?post=123513"},{"taxonomy":"post_tag","embeddable":true,"href":"https:\/\/vinasfm.com\/noticias\/wp-json\/wp\/v2\/tags?post=123513"}],"curies":[{"name":"wp","href":"https:\/\/api.w.org\/{rel}","templated":true}]}}