{"id":123488,"date":"2023-06-16T11:23:54","date_gmt":"2023-06-16T14:23:54","guid":{"rendered":"https:\/\/vinasfm.com\/noticias\/?p=123488"},"modified":"2023-06-19T08:54:55","modified_gmt":"2023-06-19T11:54:55","slug":"vuelven-a-parar-los-docentes-de-la-uncuyo-este-viernes","status":"publish","type":"post","link":"https:\/\/vinasfm.com\/noticias\/vuelven-a-parar-los-docentes-de-la-uncuyo-este-viernes\/","title":{"rendered":"LOS DOCENTES DE LA UNCUYO VOLVIERON A PARAR"},"content":{"rendered":"<p><strong>Seg\u00fan declar\u00f3 el director de la Escuela de Agricultura, Marcelo Sauer, la medida no repercutir\u00e1 en General Alvear y las actividades se desarrollaran con total normalidad.<\/strong><\/p>\n<p>Este viernes 16 de junio, el\u00a0<b>gremio docente<\/b>\u00a0de la\u00a0<b>Universidad Nacional de Cuyo<\/b>\u00a0realizar\u00e1 una nueva medida de protesta. Se trata de un\u00a0<b>paro<\/b> que se realizar\u00e1 en todo el pa\u00eds junto a la <b>CTA Aut\u00f3noma<\/b>\u00a0y a organizaciones sociales.<\/p>\n<p>As\u00ed lo confirm\u00f3 a <b>Emiliano Diez<\/b>, encargado de la Secretar\u00eda\u00a0General de\u00a0<b>Fadiunc<\/b>, precisamente el sindicato que nuclea a los docentes de la UNCuyo y que tiene como asociaci\u00f3n de base a la\u00a0<b>Conadu Hist\u00f3rica<\/b>.<\/p>\n<p>Diez cont\u00f3 que fue la Mesa Ejecutiva de Conadu Hist\u00f3rica la que resolvi\u00f3 adherir y convocar al paro para este viernes 16 de junio.<\/p>\n<p><strong><i>\u00abLa medida es para expresar el rechazo al ajuste que viene llevando adelante el\u00a0Gobierno nacional\u00a0producto del sostenimiento del acuerdo con el\u00a0Fondo Monetario Internacional\u00bb<\/i><\/strong>, marcaron en un comunicado.<\/p>\n<p>As\u00ed, desde\u00a0<b>Fadiunc<\/b>, el objetivo tambi\u00e9n ser\u00e1 llevar<strong><em> \u00ablas reivindicaciones de la docencia universitaria y preuniversitaria\u00bb <\/em><\/strong>y la<strong><em> \u00aburgente suspensi\u00f3n de los descuentos realizados por los d\u00edas de paro\u00bb.<\/em><\/strong><\/p>\n<p>Si bien es un paro nacional, que incluir\u00e1 cortes de ruta y movilizaciones en todo el pa\u00eds, el reclamo principal que realizan a nivel provincial es para exigir que no se les descuenten los d\u00edas de\u00a0<b>paro<\/b>\u00a0que se hicieron anteriormente por la lucha salarial.<\/p>\n<figure class=\"vsmwidget fixed widget-type-twitter twitter\" contenteditable=\"false\">\n<div class=\"twitter-tweet twitter-tweet-rendered\"><iframe id=\"twitter-widget-0\" class=\"\" title=\"Twitter Tweet\" src=\"https:\/\/platform.twitter.com\/embed\/Tweet.html?creatorScreenName=MendozaPost&amp;dnt=false&amp;embedId=twitter-widget-0&amp;features=eyJ0ZndfdGltZWxpbmVfbGlzdCI6eyJidWNrZXQiOltdLCJ2ZXJzaW9uIjpudWxsfSwidGZ3X2ZvbGxvd2VyX2NvdW50X3N1bnNldCI6eyJidWNrZXQiOnRydWUsInZlcnNpb24iOm51bGx9LCJ0ZndfdHdlZXRfZWRpdF9iYWNrZW5kIjp7ImJ1Y2tldCI6Im9uIiwidmVyc2lvbiI6bnVsbH0sInRmd19yZWZzcmNfc2Vzc2lvbiI6eyJidWNrZXQiOiJvbiIsInZlcnNpb24iOm51bGx9LCJ0ZndfZm9zbnJfc29mdF9pbnRlcnZlbnRpb25zX2VuYWJsZWQiOnsiYnVja2V0Ijoib24iLCJ2ZXJzaW9uIjpudWxsfSwidGZ3X21peGVkX21lZGlhXzE1ODk3Ijp7ImJ1Y2tldCI6InRyZWF0bWVudCIsInZlcnNpb24iOm51bGx9LCJ0ZndfZXhwZXJpbWVudHNfY29va2llX2V4cGlyYXRpb24iOnsiYnVja2V0IjoxMjA5NjAwLCJ2ZXJzaW9uIjpudWxsfSwidGZ3X3Nob3dfYmlyZHdhdGNoX3Bpdm90c19lbmFibGVkIjp7ImJ1Y2tldCI6Im9uIiwidmVyc2lvbiI6bnVsbH0sInRmd19kdXBsaWNhdGVfc2NyaWJlc190b19zZXR0aW5ncyI6eyJidWNrZXQiOiJvbiIsInZlcnNpb24iOm51bGx9LCJ0ZndfdXNlX3Byb2ZpbGVfaW1hZ2Vfc2hhcGVfZW5hYmxlZCI6eyJidWNrZXQiOiJvbiIsInZlcnNpb24iOm51bGx9LCJ0ZndfdmlkZW9faGxzX2R5bmFtaWNfbWFuaWZlc3RzXzE1MDgyIjp7ImJ1Y2tldCI6InRydWVfYml0cmF0ZSIsInZlcnNpb24iOm51bGx9LCJ0ZndfbGVnYWN5X3RpbWVsaW5lX3N1bnNldCI6eyJidWNrZXQiOnRydWUsInZlcnNpb24iOm51bGx9LCJ0ZndfdHdlZXRfZWRpdF9mcm9udGVuZCI6eyJidWNrZXQiOiJvbiIsInZlcnNpb24iOm51bGx9fQ%3D%3D&amp;frame=false&amp;hideCard=false&amp;hideThread=false&amp;id=1669331781718364163&amp;lang=es&amp;origin=https%3A%2F%2Fwww.mendozapost.com%2Fsociedad%2Fparo-docentes-uncuyo-viernes-16-junio%2F&amp;sessionId=782aaa8c74642bd0d6b9f1a4bde0ccc692dc97d0&amp;siteScreenName=MendozaPost&amp;theme=light&amp;widgetsVersion=aaf4084522e3a%3A1674595607486&amp;width=550px\" frameborder=\"0\" scrolling=\"no\" allowfullscreen=\"allowfullscreen\" data-gtm-yt-inspected-13=\"true\" data-gtm-yt-inspected-8=\"true\" data-tweet-id=\"1669331781718364163\" data-mce-fragment=\"1\"><\/iframe><\/div>\n<\/figure>\n<p>&nbsp;<\/p>\n","protected":false},"excerpt":{"rendered":"<p>Seg\u00fan declar\u00f3 el director de la Escuela de Agricultura, Marcelo Sauer, la medida no repercutir\u00e1 en General Alvear y las actividades &#8230;<\/p>\n","protected":false},"author":7,"featured_media":4351,"comment_status":"open","ping_status":"open","sticky":false,"template":"","format":"standard","meta":{"footnotes":""},"categories":[1],"tags":[],"class_list":["post-123488","post","type-post","status-publish","format-standard","has-post-thumbnail","hentry","category-fmvinas"],"_links":{"self":[{"href":"https:\/\/vinasfm.com\/noticias\/wp-json\/wp\/v2\/posts\/123488","targetHints":{"allow":["GET"]}}],"collection":[{"href":"https:\/\/vinasfm.com\/noticias\/wp-json\/wp\/v2\/posts"}],"about":[{"href":"https:\/\/vinasfm.com\/noticias\/wp-json\/wp\/v2\/types\/post"}],"author":[{"embeddable":true,"href":"https:\/\/vinasfm.com\/noticias\/wp-json\/wp\/v2\/users\/7"}],"replies":[{"embeddable":true,"href":"https:\/\/vinasfm.com\/noticias\/wp-json\/wp\/v2\/comments?post=123488"}],"version-history":[{"count":5,"href":"https:\/\/vinasfm.com\/noticias\/wp-json\/wp\/v2\/posts\/123488\/revisions"}],"predecessor-version":[{"id":123526,"href":"https:\/\/vinasfm.com\/noticias\/wp-json\/wp\/v2\/posts\/123488\/revisions\/123526"}],"wp:featuredmedia":[{"embeddable":true,"href":"https:\/\/vinasfm.com\/noticias\/wp-json\/wp\/v2\/media\/4351"}],"wp:attachment":[{"href":"https:\/\/vinasfm.com\/noticias\/wp-json\/wp\/v2\/media?parent=123488"}],"wp:term":[{"taxonomy":"category","embeddable":true,"href":"https:\/\/vinasfm.com\/noticias\/wp-json\/wp\/v2\/categories?post=123488"},{"taxonomy":"post_tag","embeddable":true,"href":"https:\/\/vinasfm.com\/noticias\/wp-json\/wp\/v2\/tags?post=123488"}],"curies":[{"name":"wp","href":"https:\/\/api.w.org\/{rel}","templated":true}]}}