{"id":123459,"date":"2023-06-16T09:07:26","date_gmt":"2023-06-16T12:07:26","guid":{"rendered":"https:\/\/vinasfm.com\/noticias\/?p=123459"},"modified":"2023-06-16T11:28:49","modified_gmt":"2023-06-16T14:28:49","slug":"ingresos-al-poder-judicial-apenas-uno-de-cada-diez-aprobo-el-primer-examen","status":"publish","type":"post","link":"https:\/\/vinasfm.com\/noticias\/ingresos-al-poder-judicial-apenas-uno-de-cada-diez-aprobo-el-primer-examen\/","title":{"rendered":"INGRESOS AL PODER JUDICIAL: APENAS UNO DE CADA DIEZ APROB\u00d3 EL PRIMER EXAMEN"},"content":{"rendered":"<p><strong>Rindi\u00f3 el 36% de los casi 52.000 inscriptos, es decir unos 19.000 mendocinos. A\u00fan falta la segunda prueba, que ser\u00e1 el 19 de julio. Las vacantes a cubrir son 200<\/strong><\/p>\n<p>Cerca de\u00a0<strong>19.000<\/strong>\u00a0mendocinos, de los 51.954 aspirantes que se inscribieron para ingresar al Poder Judicial, rindieron\u00a0este mi\u00e9rcoles 14 de junio la primera de las dos pruebas necesarias para acceder a un trabajo como empleado de la Justicia. El n\u00famero mencionado equivale al 36% de la cifra inicial de anotados. Pero lo m\u00e1s llamativo es que\u00a0<strong>solo aprob\u00f3 el 11, 5% de los que rindieron<\/strong>, es decir, unos 2.000 aspirantes. Esto es: 1 de cada 10 tuvieron \u00e9xito en la prueba.<\/p>\n<p><strong>Fueron, en total, 18.990 los que se presentaron a rendir y 2.109 los que aprobaron.<\/strong><\/p>\n<p>As\u00ed lo explicaron desde el Poder Judicial, desde donde\u00a0<strong>recordaron que falta a\u00fan una evaluaci\u00f3n<\/strong>, que ser\u00e1 el\u00a0<strong>pr\u00f3ximo 19 de julio<\/strong>\u00a0y que valdr\u00e1 como definitoria.Cabe mencionar que\u00a0<strong>son nada m\u00e1s que 200 las vacantes que hay para cubrir\u00a0<\/strong>en este Poder del Estado.<\/p>\n<h2>C\u00f3mo fue el proceso para ingresar al Poder Judicial<\/h2>\n<p>El\u00a0<strong>15 de abril abri\u00f3 la inscripci\u00f3n para cubrir los cupos disponibles.<\/strong><\/p>\n<p>Fueron 5 los requisitos que se pidieron para integrar la lista de aspirantes<\/p>\n<ul>\n<li>Tener m\u00e1s de 18 a\u00f1os<\/li>\n<li>Tener el secundario aprobado<\/li>\n<li>Residir a menos de 100 kil\u00f3metros de la sede en la que se haya inscripto para ocupar el cargo<\/li>\n<li>Aprobar los dos ex\u00e1menes para ingresar<\/li>\n<li>Aprobar los estudios m\u00e9dicos y psicol\u00f3gicos necesarios para formar parte del Poder Judicial<\/li>\n<\/ul>\n<p>El\u00a0<strong>primero de los dos ex\u00e1menes se realiz\u00f3 este mi\u00e9rcoles 14 de junio<\/strong>, y consisti\u00f3 en 80 preguntas que se deb\u00edan responder en 80 minutos. Para esto\u00a0<strong>hubo que estudiar un materia<\/strong>l, que estuvo disponible a partir<strong>\u00a0del 21 de abril. Lo rindieron 19.000 mendocinos y mendocinas.<\/strong><\/p>\n<p>La Comisi\u00f3n del Concurso de Ingreso al Poder Judicial, fue integrada por el fiscal de C\u00e1mara V\u00edctor Hugo Babolene en representaci\u00f3n de la Asociaci\u00f3n de Magistrados; Pedro N\u00e9stor Quilpatay del gremio de judiciales y Hugo Correas responsable de la Direcci\u00f3n de Recursos Humanos de la Suprema Corte de Justicia.<\/p>\n<p>Despu\u00e9s de 8 a\u00f1os se realiz\u00f3 un concurso de ingreso al Poder Judicia.<\/p>\n<p>Quienes pasaron la primera evaluaci\u00f3n pasaron a la siguiente instancia, que es una nueva evaluaci\u00f3n, para el 19 de julio y cuyos temas ser\u00e1n: M\u00f3dulo II: Conocimientos jur\u00eddicos; M\u00f3dulo III: Sistemas y herramientas inform\u00e1ticas; M\u00f3dulo IV: Otras competencias y habilidades requeridas.<\/p>\n<p><img loading=\"lazy\" decoding=\"async\" class=\"aligncenter\" src=\"https:\/\/media.diariouno.com.ar\/p\/9f363f7acf4a69cf2b77e574de306c54\/adjuntos\/298\/imagenes\/008\/568\/0008568957\/tribunales-provinciales-mendoza-foto-archivo-diario-unojpg.jpg?0000-00-00-00-00-00\" alt=\"Son 200 las vacantes para ingresar al Poder Judicial.\" width=\"505\" height=\"284\" \/><\/p>\n<p><strong>La modalidad de la segunda evaluaci\u00f3n ser\u00e1 igual que la primera<\/strong>. De manera virtual se ingresar\u00e1 a la plataforma y\u00a0<strong>deber\u00e1n responder 64 preguntas en un m\u00e1ximo de 64 minutos. Una vez concluido, el propio sistema arrojar\u00e1 la nota final obtenida.<\/strong><\/p>\n<p>Los interesados en revisar el examen que realizaron, pueden hacerlo ingresando en la plataforma en la que rindieron. All\u00ed en la pesta\u00f1a calificaciones podr\u00e1n acceder a hacer la revisi\u00f3n del cuestionario completo.<\/p>\n<p>En 2015 fue la \u00faltima vez que el Poder Judicial llev\u00f3 adelante un concurso de ingreso de personal t\u00e9cnico y administrativo. Despu\u00e9s de 8 a\u00f1os la Suprema Corte de Justicia a trav\u00e9s de la acordada N\u00b0 31.005, resolvi\u00f3 abrir nuevamente las inscripciones para aspirantes a ocupar cerca de 200 cargos en todas las circunscripciones judiciales, en un periodo de 2 a\u00f1os.<\/p>\n<p><strong>Las vacantes disponibles son de personal t\u00e9cnico y administrativo cuya clase de ingreso es la 13 y cuyo sueldo ronda los $130.000 mensuales.<\/strong>\u00a0Los cargos disponibles son tanto en turno ma\u00f1ana como tarde y en todas las circunscripciones judiciales.<\/p>\n<p>Los aspirantes tuvieron la posibilidad de realizar una especie de \u00abprueba piloto\u00bb, no vinculante, que se tom\u00f3 el 23 de mayo.<\/p>\n<p><strong>Se estima que mucha gente que se inscribi\u00f3 no se present\u00f3 a rendir porque deb\u00eda estudiar previamente los contenidos.<\/strong><\/p>\n<p>Luego de esta prueba, que aprobaron 2.109 personas,\u00a0<strong>se pasa a otra instancia examinatoria<\/strong>.\u00a0<strong>All\u00ed se definir\u00e1 qui\u00e9nes quedar\u00e1n para los puestos a ocupar.<\/strong><\/p>\n<p>A diferencia de las evaluaciones que se tomaron en el 2008 para ingresar al Poder Judicial,\u00a0<strong>esta vez no se evalu\u00f3 ni dactilograf\u00eda ni ortograf\u00eda.<\/strong><\/p>\n<h2>Quejas del sindicato por pocas vacantes y bajos salarios<\/h2>\n<p>La r<strong>ealizaci\u00f3n del concurso<\/strong>, la\u00a0<strong>gran cantidad de personas que se inscribi\u00f3\u00a0<\/strong>para cubrir\u00a0<strong>escasos 200 puestos y los bajos sueldos que recibir\u00e1n los ingresantes\u00a0<\/strong>fueron los motivos que la Asociaci\u00f3n Gremial de Empleados del Poder Judicial esgrimi\u00f3 en una carta abierta utilizada para\u00a0<strong>advertir a los interesados.<\/strong><\/p>\n<p>Sin embargo, desde el\u00a0<strong>Poder Judicial les enviaron una nota explicando que en la comisi\u00f3n evaluadora participa un representante de este sindicato<\/strong>. Por lo tanto, es a trav\u00e9s de \u00e9l que se deben canalizar los reclamos.<\/p>\n","protected":false},"excerpt":{"rendered":"<p>Rindi\u00f3 el 36% de los casi 52.000 inscriptos, es decir unos 19.000 mendocinos. A\u00fan falta la segunda prueba, que ser\u00e1 el &#8230;<\/p>\n","protected":false},"author":7,"featured_media":123460,"comment_status":"open","ping_status":"open","sticky":false,"template":"","format":"standard","meta":{"footnotes":""},"categories":[5,10],"tags":[],"class_list":["post-123459","post","type-post","status-publish","format-standard","has-post-thumbnail","hentry","category-actualidad","category-destacadas"],"_links":{"self":[{"href":"https:\/\/vinasfm.com\/noticias\/wp-json\/wp\/v2\/posts\/123459","targetHints":{"allow":["GET"]}}],"collection":[{"href":"https:\/\/vinasfm.com\/noticias\/wp-json\/wp\/v2\/posts"}],"about":[{"href":"https:\/\/vinasfm.com\/noticias\/wp-json\/wp\/v2\/types\/post"}],"author":[{"embeddable":true,"href":"https:\/\/vinasfm.com\/noticias\/wp-json\/wp\/v2\/users\/7"}],"replies":[{"embeddable":true,"href":"https:\/\/vinasfm.com\/noticias\/wp-json\/wp\/v2\/comments?post=123459"}],"version-history":[{"count":1,"href":"https:\/\/vinasfm.com\/noticias\/wp-json\/wp\/v2\/posts\/123459\/revisions"}],"predecessor-version":[{"id":123461,"href":"https:\/\/vinasfm.com\/noticias\/wp-json\/wp\/v2\/posts\/123459\/revisions\/123461"}],"wp:featuredmedia":[{"embeddable":true,"href":"https:\/\/vinasfm.com\/noticias\/wp-json\/wp\/v2\/media\/123460"}],"wp:attachment":[{"href":"https:\/\/vinasfm.com\/noticias\/wp-json\/wp\/v2\/media?parent=123459"}],"wp:term":[{"taxonomy":"category","embeddable":true,"href":"https:\/\/vinasfm.com\/noticias\/wp-json\/wp\/v2\/categories?post=123459"},{"taxonomy":"post_tag","embeddable":true,"href":"https:\/\/vinasfm.com\/noticias\/wp-json\/wp\/v2\/tags?post=123459"}],"curies":[{"name":"wp","href":"https:\/\/api.w.org\/{rel}","templated":true}]}}