{"id":123450,"date":"2023-06-16T09:30:36","date_gmt":"2023-06-16T12:30:36","guid":{"rendered":"https:\/\/vinasfm.com\/noticias\/?p=123450"},"modified":"2023-06-16T19:47:22","modified_gmt":"2023-06-16T22:47:22","slug":"averiguacion-de-paradero-demetrio-marisol-mabel","status":"publish","type":"post","link":"https:\/\/vinasfm.com\/noticias\/averiguacion-de-paradero-demetrio-marisol-mabel\/","title":{"rendered":"LA JUSTICIA SOLICITA DAR CON EL PARADERO DE MARISOL MABEL DEMETRIO"},"content":{"rendered":"<div dir=\"auto\">\n<div class=\"elementor-element elementor-element-c0e6b48 elementor-widget elementor-widget-theme-post-content\" data-id=\"c0e6b48\" data-element_type=\"widget\" data-widget_type=\"theme-post-content.default\">\n<div class=\"elementor-widget-container\">\n<p>La justicia solicita la colaboraci\u00f3n de la poblaci\u00f3n para dar con el paradero de la adolescente <span style=\"color: #0000ff;\"><strong>Marisol Mabel Demetrio.<\/strong><\/span> <span style=\"color: #000000;\"><strong>La misma es argentina, de 17 a\u00f1os, soltera, analfabeta, desocupada, nacida en Mar del Plata el 16 de enero de 2006, y con domicilio en el hogar San Crist\u00f3bal, sito en Av. Moreno N\u00b0 23.<\/strong><\/span><\/p>\n<p>Marisol <span style=\"color: #000000;\"><strong>mide 1,65 mts., tiene cabellos oscuros largos, tez trigue\u00f1a y ojos marrones, es de contextura robusta y, al momento de su desaparici\u00f3n, vest\u00eda jean color azul, buzo color gris y zapatillas negras.<\/strong><\/span><\/p>\n<p>Cualquier novedad respecto a su paradero hay que comunicarla a la oficina fiscal de U.P.A.N.A. Z.S. al tel\u00e9fono <strong><span style=\"color: #0000ff;\">260-4422164<\/span><\/strong> o bien al mail<span style=\"color: #0000ff;\"><strong> criamenorsur@mendoza.gov.ar.<\/strong><\/span><\/p>\n<\/div>\n<\/div>\n<section class=\"elementor-section elementor-inner-section elementor-element elementor-element-cb7145b elementor-section-boxed elementor-section-height-default elementor-section-height-default\" data-id=\"cb7145b\" data-element_type=\"section\">\n<div class=\"elementor-container elementor-column-gap-default\">\n<div class=\"elementor-column elementor-col-100 elementor-inner-column elementor-element elementor-element-44690bb\" data-id=\"44690bb\" data-element_type=\"column\">\n<div class=\"elementor-widget-wrap elementor-element-populated\">\n<div class=\"elementor-element elementor-element-cee7882 elementor-widget__width-auto elementor-widget elementor-widget-shortcode\" data-id=\"cee7882\" data-element_type=\"widget\" data-widget_type=\"shortcode.default\">\n<div class=\"elementor-widget-container\">\n<div class=\"elementor-shortcode\"><\/div>\n<\/div>\n<\/div>\n<\/div>\n<\/div>\n<\/div>\n<\/section>\n<\/div>\n<div dir=\"auto\"><a href=\"https:\/\/vinasfm.com\/noticias\/wp-content\/uploads\/2023\/06\/IMG-20230615-WA0079.jpg\"><img loading=\"lazy\" decoding=\"async\" class=\"alignnone size-full wp-image-123453\" src=\"https:\/\/vinasfm.com\/noticias\/wp-content\/uploads\/2023\/06\/IMG-20230615-WA0079.jpg\" alt=\"\" width=\"868\" height=\"1280\" \/><\/a><\/div>\n<div dir=\"auto\"><strong>Queda adjuntado el Comunicado Oficial\u00a0<\/strong><\/div>\n<div dir=\"auto\"><\/div>\n<div dir=\"auto\">De conformidad con lo ordenado en autos Sumario N\u00b0 304\/23, EXPTE N\u00b0 P-48523\/23, caratulado \u201cF. P\/ AVERIGUACION PARADERO\u201d, tramitados por Oficina Fiscal de U.P.A.N.A. Zona Sur, sito en calle Barcala N\u00b0 484 de San Rafael y siguiendo instrucciones del <strong><span style=\"color: #800080;\">Dr. Giaroli Javier Armando, Fiscal de Instrucci\u00f3n de la Unidad<\/span> <span style=\"color: #800080;\">Fiscal Departamental N\u00ba 02<\/span><\/strong>, conforme las facultades conferidas por el art. 341 bis, del C.P.P, <strong>SE SOLICITA COLABORACI\u00d3N<\/strong> y haga p\u00fablico los datos filiatorios de la adolescente: <strong>DEMETRIO MARISOL MABEL, argentina, 17 a\u00f1os, hija de se desconoce, soltera, analfabeta, desocupada, nacida en Mar del plata Buenos Aires, para fecha 16\/01\/2006, con domicilio en hogar San Crist\u00f3bal, sito en Av. Moreno N\u00b0 23, titular del DNI N\u00b0 47.163.179,<\/strong> y quien aporta las siguientes <strong>CARACTERISITICAS MORFOL\u00d3GICAS: MIDE 1,65 DE ESTATURA, CABELLOS OSCUROS LARGOS, TEST TRIGUE\u00d1A Y OJOS MARRONES, DE CONTEXTURA ROBUSTA, VESTIA: UN JEANS COLOR AZUL, UN BUZO COLOR GRIS Y ZAPATILLAS COLOR NEGRAS.<\/strong> Se encuentra con paradero desde el d\u00eda 28-04-2023.<\/div>\n<div dir=\"auto\"><\/div>\n<div dir=\"auto\">Se adjunta fotograf\u00eda de la adolescente DEMETRIO, a los fines de solicitarle sea publicada en vuestros medio de comunicaci\u00f3n. <strong>DE SURGIR CUALQUIER NOVEDAD, COMUNICARSE CON CARACTER DE MUY URGENTE A LA OFICINA FISCAL DE U.P.A.N.A. Z.S<\/strong>. al tel\u00e9fono<strong> 260-4422164<\/strong> o bien al mail <strong>criamenorsur@mendoza.gov.ar.<\/strong><\/div>\n<div dir=\"auto\"><\/div>\n<div dir=\"auto\"><\/div>\n","protected":false},"excerpt":{"rendered":"<p>La justicia solicita la colaboraci\u00f3n de la poblaci\u00f3n para dar con el paradero de la adolescente Marisol Mabel Demetrio. La misma &#8230;<\/p>\n","protected":false},"author":7,"featured_media":123453,"comment_status":"open","ping_status":"open","sticky":false,"template":"","format":"standard","meta":{"footnotes":""},"categories":[5,10],"tags":[],"class_list":["post-123450","post","type-post","status-publish","format-standard","has-post-thumbnail","hentry","category-actualidad","category-destacadas"],"_links":{"self":[{"href":"https:\/\/vinasfm.com\/noticias\/wp-json\/wp\/v2\/posts\/123450","targetHints":{"allow":["GET"]}}],"collection":[{"href":"https:\/\/vinasfm.com\/noticias\/wp-json\/wp\/v2\/posts"}],"about":[{"href":"https:\/\/vinasfm.com\/noticias\/wp-json\/wp\/v2\/types\/post"}],"author":[{"embeddable":true,"href":"https:\/\/vinasfm.com\/noticias\/wp-json\/wp\/v2\/users\/7"}],"replies":[{"embeddable":true,"href":"https:\/\/vinasfm.com\/noticias\/wp-json\/wp\/v2\/comments?post=123450"}],"version-history":[{"count":8,"href":"https:\/\/vinasfm.com\/noticias\/wp-json\/wp\/v2\/posts\/123450\/revisions"}],"predecessor-version":[{"id":123477,"href":"https:\/\/vinasfm.com\/noticias\/wp-json\/wp\/v2\/posts\/123450\/revisions\/123477"}],"wp:featuredmedia":[{"embeddable":true,"href":"https:\/\/vinasfm.com\/noticias\/wp-json\/wp\/v2\/media\/123453"}],"wp:attachment":[{"href":"https:\/\/vinasfm.com\/noticias\/wp-json\/wp\/v2\/media?parent=123450"}],"wp:term":[{"taxonomy":"category","embeddable":true,"href":"https:\/\/vinasfm.com\/noticias\/wp-json\/wp\/v2\/categories?post=123450"},{"taxonomy":"post_tag","embeddable":true,"href":"https:\/\/vinasfm.com\/noticias\/wp-json\/wp\/v2\/tags?post=123450"}],"curies":[{"name":"wp","href":"https:\/\/api.w.org\/{rel}","templated":true}]}}