{"id":123377,"date":"2023-06-14T11:35:36","date_gmt":"2023-06-14T14:35:36","guid":{"rendered":"https:\/\/vinasfm.com\/noticias\/?p=123377"},"modified":"2023-06-15T23:51:29","modified_gmt":"2023-06-16T02:51:29","slug":"finaliza-la-inscripcion-para-acceder-a-las-prorroga-de-tres-meses-del-programa-recuperagro","status":"publish","type":"post","link":"https:\/\/vinasfm.com\/noticias\/finaliza-la-inscripcion-para-acceder-a-las-prorroga-de-tres-meses-del-programa-recuperagro\/","title":{"rendered":"FINALIZ\u00d3 EL PERIODO DE INSCRIPCI\u00d3N PARA ACCEDER A LA PR\u00d3RROGA DE TRES MESES DEL PROGRAMA RECUPERAGRO"},"content":{"rendered":"<p><strong>Como fue anunciado previamente, se hab\u00eda habilitado una pr\u00f3rroga por tres meses del programa Recuperagro. Las inscripciones culminar\u00e1n este jueves 15 de junio.<\/strong><\/p>\n<p><strong><span style=\"color: #800080;\">Ezequiel Kapluk<\/span><\/strong>, Coordinador de la Oficina de Empleo, explic\u00f3 que <strong><em>\u00abaquellos productores que no hab\u00edan realizado la inscripci\u00f3n tendr\u00e1n tiempo de hacerlo hasta el mediod\u00eda de este mi\u00e9rcoles, 15 de junio.\u00bb<\/em><\/strong> En cuanto a los requisitos de inscripci\u00f3n indic\u00f3; <strong><em>\u201csolo deben acudir con el D.N.I en mano, haberlo cobrado previamente y llenar un formulario\u201d.<\/em><\/strong> Los productores deber\u00e1n acudir a las oficinas ubicadas en \u00a0<strong>Intendente Morales 550 o en el TECNOSUM de Bowen. \u00a0<\/strong><\/p>\n<p><strong>Mayo era el \u00faltimo mes de cobro previsto en el marco de la iniciativa que contempla una ayuda econ\u00f3mica equivalente a 60% del salario m\u00ednimo, vital y m\u00f3vil vigente. A ra\u00edz de la extensi\u00f3n del programa, los beneficiarios deber\u00e1n revalidar la participaci\u00f3n.<\/strong><\/p>\n<h2><strong>Sobre el programa \u00a0<\/strong><\/h2>\n<p>Recuperagro se puso en marcha en diciembre de 2022 con el objetivo de brindar asistencia econ\u00f3mica, para micro, peque\u00f1os y medianos productores, trabajadores registrados y personas desocupadas que deseen formarse en dichas actividades. Se trata de una ayuda equivalente a 60% del salario m\u00ednimo, vital y m\u00f3vil (SMVyM).<\/p>\n<p>Desde su creaci\u00f3n y hasta la fecha, se ha beneficiado a 3.800 personas, de 15 departamentos de la provincia, por $853.230.446.<\/p>\n<p>En San Rafael se ha beneficiado a 1.424 personas, con un monto total invertido a la fecha de $321.002.425, y en General Alvear, a 565 personas, con una inversi\u00f3n total de $131.698.644.<\/p>\n<p>Teniendo en cuenta que el programa finalizaba en mayo, se ha decidido prorrogar por tres meses m\u00e1s -junio, julio y agosto- la participaci\u00f3n de los beneficiarios existentes, con una inversi\u00f3n estimada de $641.240.808.<\/p>\n","protected":false},"excerpt":{"rendered":"<p>Como fue anunciado previamente, se hab\u00eda habilitado una pr\u00f3rroga por tres meses del programa Recuperagro. Las inscripciones culminar\u00e1n este jueves 15 &#8230;<\/p>\n","protected":false},"author":7,"featured_media":123385,"comment_status":"open","ping_status":"open","sticky":false,"template":"","format":"standard","meta":{"footnotes":""},"categories":[5,14],"tags":[],"class_list":["post-123377","post","type-post","status-publish","format-standard","has-post-thumbnail","hentry","category-actualidad","category-agro"],"_links":{"self":[{"href":"https:\/\/vinasfm.com\/noticias\/wp-json\/wp\/v2\/posts\/123377","targetHints":{"allow":["GET"]}}],"collection":[{"href":"https:\/\/vinasfm.com\/noticias\/wp-json\/wp\/v2\/posts"}],"about":[{"href":"https:\/\/vinasfm.com\/noticias\/wp-json\/wp\/v2\/types\/post"}],"author":[{"embeddable":true,"href":"https:\/\/vinasfm.com\/noticias\/wp-json\/wp\/v2\/users\/7"}],"replies":[{"embeddable":true,"href":"https:\/\/vinasfm.com\/noticias\/wp-json\/wp\/v2\/comments?post=123377"}],"version-history":[{"count":4,"href":"https:\/\/vinasfm.com\/noticias\/wp-json\/wp\/v2\/posts\/123377\/revisions"}],"predecessor-version":[{"id":123455,"href":"https:\/\/vinasfm.com\/noticias\/wp-json\/wp\/v2\/posts\/123377\/revisions\/123455"}],"wp:featuredmedia":[{"embeddable":true,"href":"https:\/\/vinasfm.com\/noticias\/wp-json\/wp\/v2\/media\/123385"}],"wp:attachment":[{"href":"https:\/\/vinasfm.com\/noticias\/wp-json\/wp\/v2\/media?parent=123377"}],"wp:term":[{"taxonomy":"category","embeddable":true,"href":"https:\/\/vinasfm.com\/noticias\/wp-json\/wp\/v2\/categories?post=123377"},{"taxonomy":"post_tag","embeddable":true,"href":"https:\/\/vinasfm.com\/noticias\/wp-json\/wp\/v2\/tags?post=123377"}],"curies":[{"name":"wp","href":"https:\/\/api.w.org\/{rel}","templated":true}]}}