{"id":123368,"date":"2023-06-14T11:03:12","date_gmt":"2023-06-14T14:03:12","guid":{"rendered":"https:\/\/vinasfm.com\/noticias\/?p=123368"},"modified":"2023-06-15T09:27:19","modified_gmt":"2023-06-15T12:27:19","slug":"resultados-elecciones-paso-provinciales-diputados-por-la-4ta-seccion","status":"publish","type":"post","link":"https:\/\/vinasfm.com\/noticias\/resultados-elecciones-paso-provinciales-diputados-por-la-4ta-seccion\/","title":{"rendered":"RESULTADOS ELECCIONES PASO PROVINCIALES, DIPUTADOS POR LA 4TA SECCI\u00d3N"},"content":{"rendered":"<p><strong>La cuarta secci\u00f3n se conforma por los departamentos del sur de la provincia; San Rafael, General Alvear y Malag\u00fce.<\/strong><\/p>\n<h2>4ta Secci\u00f3n<\/h2>\n<p><a href=\"https:\/\/vinasfm.com\/noticias\/wp-content\/uploads\/2023\/06\/WhatsApp-Image-2023-06-14-at-10.40.57.jpeg\"><img loading=\"lazy\" decoding=\"async\" class=\"alignnone size-full wp-image-123369\" src=\"https:\/\/vinasfm.com\/noticias\/wp-content\/uploads\/2023\/06\/WhatsApp-Image-2023-06-14-at-10.40.57.jpeg\" alt=\"\" width=\"733\" height=\"161\" srcset=\"https:\/\/vinasfm.com\/noticias\/wp-content\/uploads\/2023\/06\/WhatsApp-Image-2023-06-14-at-10.40.57.jpeg 733w, https:\/\/vinasfm.com\/noticias\/wp-content\/uploads\/2023\/06\/WhatsApp-Image-2023-06-14-at-10.40.57-300x66.jpeg 300w\" sizes=\"auto, (max-width: 733px) 100vw, 733px\" \/><\/a><\/p>\n<h2>Gr\u00e1fico de votos positivos por agrupaci\u00f3n Pol\u00edtica<\/h2>\n<p><a href=\"https:\/\/vinasfm.com\/noticias\/wp-content\/uploads\/2023\/06\/WhatsApp-Image-2023-06-14-at-10.41.47.jpeg\"><img loading=\"lazy\" decoding=\"async\" class=\"alignnone size-full wp-image-123370\" src=\"https:\/\/vinasfm.com\/noticias\/wp-content\/uploads\/2023\/06\/WhatsApp-Image-2023-06-14-at-10.41.47.jpeg\" alt=\"\" width=\"852\" height=\"366\" srcset=\"https:\/\/vinasfm.com\/noticias\/wp-content\/uploads\/2023\/06\/WhatsApp-Image-2023-06-14-at-10.41.47.jpeg 852w, https:\/\/vinasfm.com\/noticias\/wp-content\/uploads\/2023\/06\/WhatsApp-Image-2023-06-14-at-10.41.47-300x129.jpeg 300w, https:\/\/vinasfm.com\/noticias\/wp-content\/uploads\/2023\/06\/WhatsApp-Image-2023-06-14-at-10.41.47-768x330.jpeg 768w\" sizes=\"auto, (max-width: 852px) 100vw, 852px\" \/><\/a><\/p>\n<p><a href=\"https:\/\/vinasfm.com\/noticias\/wp-content\/uploads\/2023\/06\/CM-13874-VOTOS-58.00-3.png\"><img loading=\"lazy\" decoding=\"async\" class=\"alignnone size-full wp-image-123372\" src=\"https:\/\/vinasfm.com\/noticias\/wp-content\/uploads\/2023\/06\/CM-13874-VOTOS-58.00-3.png\" alt=\"\" width=\"1772\" height=\"236\" srcset=\"https:\/\/vinasfm.com\/noticias\/wp-content\/uploads\/2023\/06\/CM-13874-VOTOS-58.00-3.png 1772w, https:\/\/vinasfm.com\/noticias\/wp-content\/uploads\/2023\/06\/CM-13874-VOTOS-58.00-3-300x40.png 300w, https:\/\/vinasfm.com\/noticias\/wp-content\/uploads\/2023\/06\/CM-13874-VOTOS-58.00-3-1024x136.png 1024w, https:\/\/vinasfm.com\/noticias\/wp-content\/uploads\/2023\/06\/CM-13874-VOTOS-58.00-3-768x102.png 768w, https:\/\/vinasfm.com\/noticias\/wp-content\/uploads\/2023\/06\/CM-13874-VOTOS-58.00-3-1536x205.png 1536w\" sizes=\"auto, (max-width: 1772px) 100vw, 1772px\" \/><\/a><\/p>\n<h2>Detalle de votos<\/h2>\n<p><a href=\"https:\/\/vinasfm.com\/noticias\/wp-content\/uploads\/2023\/06\/WhatsApp-Image-2023-06-14-at-11.01.58.jpeg\"><img loading=\"lazy\" decoding=\"async\" class=\"alignnone wp-image-123375\" src=\"https:\/\/vinasfm.com\/noticias\/wp-content\/uploads\/2023\/06\/WhatsApp-Image-2023-06-14-at-11.01.58.jpeg\" alt=\"\" width=\"500\" height=\"554\" srcset=\"https:\/\/vinasfm.com\/noticias\/wp-content\/uploads\/2023\/06\/WhatsApp-Image-2023-06-14-at-11.01.58.jpeg 423w, https:\/\/vinasfm.com\/noticias\/wp-content\/uploads\/2023\/06\/WhatsApp-Image-2023-06-14-at-11.01.58-271x300.jpeg 271w\" sizes=\"auto, (max-width: 500px) 100vw, 500px\" \/><\/a><\/p>\n","protected":false},"excerpt":{"rendered":"<p>La cuarta secci\u00f3n se conforma por los departamentos del sur de la provincia; San Rafael, General Alvear y Malag\u00fce. 4ta Secci\u00f3n &#8230;<\/p>\n","protected":false},"author":7,"featured_media":121372,"comment_status":"open","ping_status":"open","sticky":false,"template":"","format":"standard","meta":{"footnotes":""},"categories":[5,23],"tags":[],"class_list":["post-123368","post","type-post","status-publish","format-standard","has-post-thumbnail","hentry","category-actualidad","category-elecciones"],"_links":{"self":[{"href":"https:\/\/vinasfm.com\/noticias\/wp-json\/wp\/v2\/posts\/123368","targetHints":{"allow":["GET"]}}],"collection":[{"href":"https:\/\/vinasfm.com\/noticias\/wp-json\/wp\/v2\/posts"}],"about":[{"href":"https:\/\/vinasfm.com\/noticias\/wp-json\/wp\/v2\/types\/post"}],"author":[{"embeddable":true,"href":"https:\/\/vinasfm.com\/noticias\/wp-json\/wp\/v2\/users\/7"}],"replies":[{"embeddable":true,"href":"https:\/\/vinasfm.com\/noticias\/wp-json\/wp\/v2\/comments?post=123368"}],"version-history":[{"count":1,"href":"https:\/\/vinasfm.com\/noticias\/wp-json\/wp\/v2\/posts\/123368\/revisions"}],"predecessor-version":[{"id":123376,"href":"https:\/\/vinasfm.com\/noticias\/wp-json\/wp\/v2\/posts\/123368\/revisions\/123376"}],"wp:featuredmedia":[{"embeddable":true,"href":"https:\/\/vinasfm.com\/noticias\/wp-json\/wp\/v2\/media\/121372"}],"wp:attachment":[{"href":"https:\/\/vinasfm.com\/noticias\/wp-json\/wp\/v2\/media?parent=123368"}],"wp:term":[{"taxonomy":"category","embeddable":true,"href":"https:\/\/vinasfm.com\/noticias\/wp-json\/wp\/v2\/categories?post=123368"},{"taxonomy":"post_tag","embeddable":true,"href":"https:\/\/vinasfm.com\/noticias\/wp-json\/wp\/v2\/tags?post=123368"}],"curies":[{"name":"wp","href":"https:\/\/api.w.org\/{rel}","templated":true}]}}