{"id":123352,"date":"2023-06-14T09:36:27","date_gmt":"2023-06-14T12:36:27","guid":{"rendered":"https:\/\/vinasfm.com\/noticias\/?p=123352"},"modified":"2023-06-15T08:27:36","modified_gmt":"2023-06-15T11:27:36","slug":"carlos-ponce-se-refirio-a-su-participacion-en-las-paso-hoy-representamos-la-3a-fuerza-politica-de-general-alvear","status":"publish","type":"post","link":"https:\/\/vinasfm.com\/noticias\/carlos-ponce-se-refirio-a-su-participacion-en-las-paso-hoy-representamos-la-3a-fuerza-politica-de-general-alvear\/","title":{"rendered":"CARLOS PONCE SE REFIRI\u00d3 A SU PARTICIPACI\u00d3N EN LAS PASO, \u201cHOY REPRESENTAMOS LA 3\u00aa FUERZA POL\u00cdTICA DE GENERAL ALVEAR\u201d"},"content":{"rendered":"<p><strong>Ponce compiti\u00f3 el pasado domingo en la interna departamental de Cambia Mendoza y se enfrent\u00f3 a Jorge P\u00e9rez y Alejandro Molero, quien result\u00f3 ganador.<\/strong><\/p>\n<p><em><strong>\u201cEstamos muy contentos y agradecidos con las 2.500 almas que nos acompa\u00f1aron el fin de semana, tratando de impulsar un cambio en la forma de hacer pol\u00edtica, y con un objetivo y ejes de gesti\u00f3n muy s\u00f3lidos que nos hacen ilusionar con que el espacio tiene mucho para dar\u201d<\/strong><\/em>, expres\u00f3 Ponce en los micr\u00f3fonos de <span style=\"color: #800080;\"><strong>F.M VI\u00d1AS.<\/strong><\/span><\/p>\n<p>En cuanto a la posici\u00f3n de los concejales explic\u00f3, <strong><em>\u201cno ocuparemos lugar en estas elecciones, entiendo que ir\u00e1n las personas de la lista de P\u00e9rez. Pero afortunadamente pudimos posicionar a dos senadores por el 4to distrito, Roberto Fiochi y Patricia Salice\u201d.<\/em><\/strong> El joven malarg\u00fcino Lucas Villar logr\u00f3 posicionarse como aspirante a diputado.<\/p>\n<p>Ponce tambi\u00e9n analiz\u00f3 el resultado que obtuvo Luis Petri; <em><strong>\u201cten\u00edamos expectativas porque percib\u00edamos una presencia de nuestras propuestas en el territorio, la gente nos ha respaldado y ha sido muy clara\u201d.<\/strong><\/em><\/p>\n<p>Tambi\u00e9n se refiri\u00f3 al triunfo de Molero en la interna local; <strong><em>\u201cdebemos respetar la elecci\u00f3n popular y aportar para darle la contenci\u00f3n a la gente que nos eligi\u00f3. Voy a trabajar para que las cosas cambien, sabiendo que Alvear quiere que las cosas cambien\u201d.<\/em><\/strong><\/p>\n<p>En cuanto a la relaci\u00f3n con Marcolini dijo, <em><strong>\u201cyo form\u00e9 parte de esta Gesti\u00f3n y el intendente me sac\u00f3 del espacio, no lo puedo obligar a tener una predilecci\u00f3n pol\u00edtica conmigo. Yo no estoy ac\u00e1 para negociar cargos ni trabajo, nosotros hacemos esto por una convicci\u00f3n personal, queremos aportar una forma distinta de gobernar, que no quiere decir que sea mejor o peor\u201d.<\/strong><\/em><\/p>\n<p><em><strong>\u201cHablar de lo que ya pas\u00f3 no cambia las cosas, hoy nuestro candidato es Alejandro Molero. Vamos a ser respetuosos con lo que ha sucedido y seguiremos apuntando a futuro\u201d<\/strong><\/em>, culmin\u00f3 <span style=\"color: #800080;\"><strong>Carlos Ponce.<\/strong><\/span><\/p>\n<h6><span style=\"color: #ff6600;\"><strong>Vallejos, G.<\/strong><\/span><\/h6>\n","protected":false},"excerpt":{"rendered":"<p>Ponce compiti\u00f3 el pasado domingo en la interna departamental de Cambia Mendoza y se enfrent\u00f3 a Jorge P\u00e9rez y Alejandro Molero, &#8230;<\/p>\n","protected":false},"author":7,"featured_media":123354,"comment_status":"open","ping_status":"open","sticky":false,"template":"","format":"standard","meta":{"footnotes":""},"categories":[5,7],"tags":[],"class_list":["post-123352","post","type-post","status-publish","format-standard","has-post-thumbnail","hentry","category-actualidad","category-politica"],"_links":{"self":[{"href":"https:\/\/vinasfm.com\/noticias\/wp-json\/wp\/v2\/posts\/123352","targetHints":{"allow":["GET"]}}],"collection":[{"href":"https:\/\/vinasfm.com\/noticias\/wp-json\/wp\/v2\/posts"}],"about":[{"href":"https:\/\/vinasfm.com\/noticias\/wp-json\/wp\/v2\/types\/post"}],"author":[{"embeddable":true,"href":"https:\/\/vinasfm.com\/noticias\/wp-json\/wp\/v2\/users\/7"}],"replies":[{"embeddable":true,"href":"https:\/\/vinasfm.com\/noticias\/wp-json\/wp\/v2\/comments?post=123352"}],"version-history":[{"count":2,"href":"https:\/\/vinasfm.com\/noticias\/wp-json\/wp\/v2\/posts\/123352\/revisions"}],"predecessor-version":[{"id":123396,"href":"https:\/\/vinasfm.com\/noticias\/wp-json\/wp\/v2\/posts\/123352\/revisions\/123396"}],"wp:featuredmedia":[{"embeddable":true,"href":"https:\/\/vinasfm.com\/noticias\/wp-json\/wp\/v2\/media\/123354"}],"wp:attachment":[{"href":"https:\/\/vinasfm.com\/noticias\/wp-json\/wp\/v2\/media?parent=123352"}],"wp:term":[{"taxonomy":"category","embeddable":true,"href":"https:\/\/vinasfm.com\/noticias\/wp-json\/wp\/v2\/categories?post=123352"},{"taxonomy":"post_tag","embeddable":true,"href":"https:\/\/vinasfm.com\/noticias\/wp-json\/wp\/v2\/tags?post=123352"}],"curies":[{"name":"wp","href":"https:\/\/api.w.org\/{rel}","templated":true}]}}