{"id":123336,"date":"2023-06-14T08:54:24","date_gmt":"2023-06-14T11:54:24","guid":{"rendered":"https:\/\/vinasfm.com\/noticias\/?p=123336"},"modified":"2023-06-14T18:17:49","modified_gmt":"2023-06-14T21:17:49","slug":"se-ponen-en-marcha-los-preparativos-para-el-dia-de-la-bandera-de-la-mano-de-la-direccion-de-deporte","status":"publish","type":"post","link":"https:\/\/vinasfm.com\/noticias\/se-ponen-en-marcha-los-preparativos-para-el-dia-de-la-bandera-de-la-mano-de-la-direccion-de-deporte\/","title":{"rendered":"SE PONEN EN MARCHA LOS PREPARATIVOS PARA EL D\u00cdA DE LA BANDERA EN CONJUNTO CON LA DIRECCI\u00d3N DE DEPORTE"},"content":{"rendered":"<h4>El d\u00eda de la bandera se realizar\u00e1 una carrera de 6K a las 3 pm. Habr\u00e1 m\u00fasica y se recorrer\u00e1 la Avenida Alvear este hasta el monumento y luego por diagonal Carlos Pellegrini hasta las cinco esquinas, para finalmente llegar a la Plaza de Alvear Oeste. El valor de la inscripci\u00f3n es de $1500 y se entregar\u00e1 una remera a los primeros 80 inscriptos, tambi\u00e9n se realizar\u00e1n carreras para ni\u00f1os en el polideportivo<\/h4>\n<p>El\u00a0<b>D\u00eda de la Bandera<\/b>\u00a0se conmemora cada a\u00f1o en\u00a0Argentina\u00a0el\u00a020 de junio. Esa fecha es feriado nacional y\u00a0d\u00eda festivo\u00a0dedicado a la\u00a0bandera argentina\u00a0y a la conmemoraci\u00f3n de su creador,\u00a0Manuel Belgrano, fallecido en ese d\u00eda de 1820.<\/p>\n<p>Por este motivo General Alvear se prepara para la carrera de los 6K, as\u00ed lo adelanto el Director de Deporte Jorge P\u00e1ez.:<em><strong> &#8216;son seis kil\u00f3metros, llenos de color, celeste y blanco, como nuestra bandera. Estamos muy contentos de poderla realizar el mismo d\u00eda, lo vamos a hacer a las tres de la tarde, consideramos que es un buen horario para los atletas, porque en este tiempo tan fr\u00edo, poderlo organizar a esa hora para que la familia pueda acompa\u00f1ar sin ning\u00fan apuro&#8217;<\/strong><\/em><\/p>\n<p>Del mismo modo detallo los pasos a seguir para poder inscribirse en la carrera y tambi\u00e9n los premios que se entregaran ese d\u00eda:<em><strong> &#8216;los premios son trofeos, van a ver algunos regalos tambi\u00e9n que se van a estar dando, el valor de la inscripci\u00f3n es muy econ\u00f3mica, son mil quinientos pesos (1500) que paga cada corredor, y un detalle sumamente importante es que se va a estar dando remera a los primeros ochenta inscriptos, una remera muy bonita, de m\u00e1s esta\u00a0 decir que est\u00e1n todos invitados&#8217;<\/strong> <\/em>Finalizo diciendo Jorge P\u00e1ez.<\/p>\n<h6><span style=\"color: #339966;\">Ludmila Lucero<\/span><\/h6>\n","protected":false},"excerpt":{"rendered":"<p>El d\u00eda de la bandera se realizar\u00e1 una carrera de 6K a las 3 pm. Habr\u00e1 m\u00fasica y se recorrer\u00e1 la &#8230;<\/p>\n","protected":false},"author":7,"featured_media":123337,"comment_status":"open","ping_status":"open","sticky":false,"template":"","format":"standard","meta":{"footnotes":""},"categories":[5,14],"tags":[],"class_list":["post-123336","post","type-post","status-publish","format-standard","has-post-thumbnail","hentry","category-actualidad","category-agro"],"_links":{"self":[{"href":"https:\/\/vinasfm.com\/noticias\/wp-json\/wp\/v2\/posts\/123336","targetHints":{"allow":["GET"]}}],"collection":[{"href":"https:\/\/vinasfm.com\/noticias\/wp-json\/wp\/v2\/posts"}],"about":[{"href":"https:\/\/vinasfm.com\/noticias\/wp-json\/wp\/v2\/types\/post"}],"author":[{"embeddable":true,"href":"https:\/\/vinasfm.com\/noticias\/wp-json\/wp\/v2\/users\/7"}],"replies":[{"embeddable":true,"href":"https:\/\/vinasfm.com\/noticias\/wp-json\/wp\/v2\/comments?post=123336"}],"version-history":[{"count":8,"href":"https:\/\/vinasfm.com\/noticias\/wp-json\/wp\/v2\/posts\/123336\/revisions"}],"predecessor-version":[{"id":123364,"href":"https:\/\/vinasfm.com\/noticias\/wp-json\/wp\/v2\/posts\/123336\/revisions\/123364"}],"wp:featuredmedia":[{"embeddable":true,"href":"https:\/\/vinasfm.com\/noticias\/wp-json\/wp\/v2\/media\/123337"}],"wp:attachment":[{"href":"https:\/\/vinasfm.com\/noticias\/wp-json\/wp\/v2\/media?parent=123336"}],"wp:term":[{"taxonomy":"category","embeddable":true,"href":"https:\/\/vinasfm.com\/noticias\/wp-json\/wp\/v2\/categories?post=123336"},{"taxonomy":"post_tag","embeddable":true,"href":"https:\/\/vinasfm.com\/noticias\/wp-json\/wp\/v2\/tags?post=123336"}],"curies":[{"name":"wp","href":"https:\/\/api.w.org\/{rel}","templated":true}]}}