{"id":123334,"date":"2023-06-14T08:53:01","date_gmt":"2023-06-14T11:53:01","guid":{"rendered":"https:\/\/vinasfm.com\/noticias\/?p=123334"},"modified":"2023-06-14T12:16:09","modified_gmt":"2023-06-14T15:16:09","slug":"marcelo-araujo-realizo-un-balance-de-lo-sucedido-en-las-elecciones-paso-en-malargue","status":"publish","type":"post","link":"https:\/\/vinasfm.com\/noticias\/marcelo-araujo-realizo-un-balance-de-lo-sucedido-en-las-elecciones-paso-en-malargue\/","title":{"rendered":"EDUARDO ARAUJO REALIZ\u00d3 UN BALANCE DE LO SUCEDIDO EN LAS ELECCIONES PASO EN MALARG\u00dcE"},"content":{"rendered":"<p><strong><em>El departamento sure\u00f1o cuenta con 4 candidatos que competir\u00e1n por la intendencia en las Elecciones Generales del 24 de septiembre. <\/em><\/strong><\/p>\n<p><strong><em>\u201cJaque nunca se fue de la pol\u00edtica y ahora busca la intendencia que le fue negada hace 4 a\u00f1os cuando perdi\u00f3 las PASO frente a Jos\u00e9 Barro\u201d<\/em><\/strong>, expres\u00f3 Eduardo Araujo, corresponsal malarg\u00fcino. El domingo Celso Jaque gan\u00f3 c\u00f3modamente con el <span style=\"color: #800080;\"><strong>52,15%<\/strong><\/span> de los votos y le sac\u00f3 m\u00e1s de 30 puntos de diferencia a Cambia Mendoza, as\u00ed Jaque se convirti\u00f3 en el candidato del peronismo que competir\u00e1 por la intendencia de Malarg\u00fce.<\/p>\n<p>El Frente Cambia Mendoza obtuvo el <strong><span style=\"color: #800080;\">18,27%<\/span><\/strong> de los votos, el actual intendente malarg\u00fcino Juan Manuel Ojeda gan\u00f3 la interna con el <span style=\"color: #000000;\">89,13%<\/span> de los votos. La Uni\u00f3n Mendocina obtuvo el <span style=\"color: #800080;\"><strong>14,16%<\/strong><\/span> de los votos, en la interna Jorge Tieppo se qued\u00f3 con la candidatura imponi\u00e9ndose ante Gustavo Gabriel Miras. <em><strong>\u201cEs la tercera vez de que Tieppo busca la intendencia, tiene un largo antecedente en la administraci\u00f3n p\u00fablica. Ahora ha ganado la interna sobre todo en la zona rural\u201d<\/strong><\/em>, explic\u00f3 Araujo.<\/p>\n<p>Silvina Camiolo, qui\u00e9n fue senadora del Frente de Todos, es la candidata de Reconstruyendo Malarg\u00fce tras obtener el <strong><span style=\"color: #800080;\">5,18%<\/span><\/strong> de los votos. <strong><em>\u201cLa actual concejal lleg\u00f3 al Senado de la Provincia de la mano de Jos\u00e9 Barros, se distanci\u00f3 pol\u00edticamente, fund\u00f3 un partido departamental y hoy es la cuarta candidata a la intendencia\u201d<\/em><\/strong>, indic\u00f3.<\/p>\n<p><strong>Por otro lado, Mauricio L\u00f3pez del FIT-UNIDAD, obtuvo el <span style=\"color: #800080;\">0,79%<\/span> de los votos y no ser\u00e1 candidato tras no superar las PASO.<\/strong><\/p>\n<p>De este modo, los precandidatos a la intendencia de Malarg\u00fce que competir\u00e1n en las Elecciones Generales del 24 de septiembre son; Juan Manuel Ojeda\u00a0(Cambia Mendoza),\u00a0Celso Jaque\u00a0(Frente Eleg\u00ed),\u00a0Jorge Tieppo\u00a0(La Uni\u00f3n Mendocina) y\u00a0Silvana Camiolo\u00a0(Reconstruyendo Malarg\u00fce).<\/p>\n<p><strong><em>\u201cEn Malarg\u00fce generalmente gana las PASO el espacio relacionado al justicialismo y luego la gente ha votado al Frente Cambia Mendoza. Esto sucedi\u00f3 en el 2015, 2019, y se repiti\u00f3 en la legislativa del 2021\u201d<\/em><\/strong>, se\u00f1al\u00f3 el periodista y agreg\u00f3 <em><strong>\u201cJaque ha logrado aglutinar a los otros 3 precandidatos del Frente, est\u00e1 muy confiado \u00a0con que ser\u00e1 el pr\u00f3ximo intendente\u201d.<\/strong><\/em><\/p>\n<p><strong>En Malarg\u00fce hab\u00eda 25.314 electores habilitados para votar repartidos en 76 mesas, <\/strong>\u00a0los que efectivamente\u00a0<strong>se acercaron a sufragar fueron 16.613 lo que represent\u00f3 el 65,63% del padr\u00f3n electoral.<\/strong><\/p>\n<h2>Gr\u00e1fico de votos positivos por Agrupaci\u00f3n Pol\u00edtica<\/h2>\n<p><a href=\"https:\/\/vinasfm.com\/noticias\/wp-content\/uploads\/2023\/06\/WhatsApp-Image-2023-06-14-at-10.13.47-1.jpeg\"><img loading=\"lazy\" decoding=\"async\" class=\"alignnone size-full wp-image-123358\" src=\"https:\/\/vinasfm.com\/noticias\/wp-content\/uploads\/2023\/06\/WhatsApp-Image-2023-06-14-at-10.13.47-1.jpeg\" alt=\"\" width=\"834\" height=\"326\" srcset=\"https:\/\/vinasfm.com\/noticias\/wp-content\/uploads\/2023\/06\/WhatsApp-Image-2023-06-14-at-10.13.47-1.jpeg 834w, https:\/\/vinasfm.com\/noticias\/wp-content\/uploads\/2023\/06\/WhatsApp-Image-2023-06-14-at-10.13.47-1-300x117.jpeg 300w, https:\/\/vinasfm.com\/noticias\/wp-content\/uploads\/2023\/06\/WhatsApp-Image-2023-06-14-at-10.13.47-1-768x300.jpeg 768w\" sizes=\"auto, (max-width: 834px) 100vw, 834px\" \/><\/a><\/p>\n<p><a href=\"https:\/\/vinasfm.com\/noticias\/wp-content\/uploads\/2023\/06\/CM-13874-VOTOS-58.00-2.png\"><img loading=\"lazy\" decoding=\"async\" class=\"alignnone size-full wp-image-123362\" src=\"https:\/\/vinasfm.com\/noticias\/wp-content\/uploads\/2023\/06\/CM-13874-VOTOS-58.00-2.png\" alt=\"\" width=\"1772\" height=\"236\" srcset=\"https:\/\/vinasfm.com\/noticias\/wp-content\/uploads\/2023\/06\/CM-13874-VOTOS-58.00-2.png 1772w, https:\/\/vinasfm.com\/noticias\/wp-content\/uploads\/2023\/06\/CM-13874-VOTOS-58.00-2-300x40.png 300w, https:\/\/vinasfm.com\/noticias\/wp-content\/uploads\/2023\/06\/CM-13874-VOTOS-58.00-2-1024x136.png 1024w, https:\/\/vinasfm.com\/noticias\/wp-content\/uploads\/2023\/06\/CM-13874-VOTOS-58.00-2-768x102.png 768w, https:\/\/vinasfm.com\/noticias\/wp-content\/uploads\/2023\/06\/CM-13874-VOTOS-58.00-2-1536x205.png 1536w\" sizes=\"auto, (max-width: 1772px) 100vw, 1772px\" \/><\/a><\/p>\n","protected":false},"excerpt":{"rendered":"<p>El departamento sure\u00f1o cuenta con 4 candidatos que competir\u00e1n por la intendencia en las Elecciones Generales del 24 de septiembre. \u201cJaque &#8230;<\/p>\n","protected":false},"author":7,"featured_media":123339,"comment_status":"open","ping_status":"open","sticky":false,"template":"","format":"standard","meta":{"footnotes":""},"categories":[5,23],"tags":[],"class_list":["post-123334","post","type-post","status-publish","format-standard","has-post-thumbnail","hentry","category-actualidad","category-elecciones"],"_links":{"self":[{"href":"https:\/\/vinasfm.com\/noticias\/wp-json\/wp\/v2\/posts\/123334","targetHints":{"allow":["GET"]}}],"collection":[{"href":"https:\/\/vinasfm.com\/noticias\/wp-json\/wp\/v2\/posts"}],"about":[{"href":"https:\/\/vinasfm.com\/noticias\/wp-json\/wp\/v2\/types\/post"}],"author":[{"embeddable":true,"href":"https:\/\/vinasfm.com\/noticias\/wp-json\/wp\/v2\/users\/7"}],"replies":[{"embeddable":true,"href":"https:\/\/vinasfm.com\/noticias\/wp-json\/wp\/v2\/comments?post=123334"}],"version-history":[{"count":6,"href":"https:\/\/vinasfm.com\/noticias\/wp-json\/wp\/v2\/posts\/123334\/revisions"}],"predecessor-version":[{"id":123363,"href":"https:\/\/vinasfm.com\/noticias\/wp-json\/wp\/v2\/posts\/123334\/revisions\/123363"}],"wp:featuredmedia":[{"embeddable":true,"href":"https:\/\/vinasfm.com\/noticias\/wp-json\/wp\/v2\/media\/123339"}],"wp:attachment":[{"href":"https:\/\/vinasfm.com\/noticias\/wp-json\/wp\/v2\/media?parent=123334"}],"wp:term":[{"taxonomy":"category","embeddable":true,"href":"https:\/\/vinasfm.com\/noticias\/wp-json\/wp\/v2\/categories?post=123334"},{"taxonomy":"post_tag","embeddable":true,"href":"https:\/\/vinasfm.com\/noticias\/wp-json\/wp\/v2\/tags?post=123334"}],"curies":[{"name":"wp","href":"https:\/\/api.w.org\/{rel}","templated":true}]}}