{"id":123305,"date":"2023-06-13T11:14:53","date_gmt":"2023-06-13T14:14:53","guid":{"rendered":"https:\/\/vinasfm.com\/noticias\/?p=123305"},"modified":"2023-06-14T10:29:18","modified_gmt":"2023-06-14T13:29:18","slug":"resultados-elecciones-paso-provinciales-senadores-por-la-4ta-seccion","status":"publish","type":"post","link":"https:\/\/vinasfm.com\/noticias\/resultados-elecciones-paso-provinciales-senadores-por-la-4ta-seccion\/","title":{"rendered":"RESULTADOS ELECCIONES PASO PROVINCIALES, SENADORES POR LA 4TA SECCI\u00d3N"},"content":{"rendered":"<p><strong>La cuarta secci\u00f3n se conforma por los departamentos del sur de la provincia; San Rafael, General Alvear y Malag\u00fce.<\/strong><\/p>\n<h2>4ta Secci\u00f3n<\/h2>\n<div class=\"col-xs-12 col-sm-6 col-md-5 col-md-offset-1 col-lg-4 col-lg-offset-2\">\n<div id=\"W0039TABLE3\" class=\"Table\">\n<div class=\"row\">\n<div class=\"col-xs-12\" data-align=\"center\">\n<div data-align-outer=\"\"><\/div>\n<\/div>\n<\/div>\n<div class=\"row\"><a href=\"https:\/\/vinasfm.com\/noticias\/wp-content\/uploads\/2023\/06\/WhatsApp-Image-2023-06-13-at-10.47.49.jpeg\"><img loading=\"lazy\" decoding=\"async\" class=\"alignnone wp-image-123306 size-full\" src=\"https:\/\/vinasfm.com\/noticias\/wp-content\/uploads\/2023\/06\/WhatsApp-Image-2023-06-13-at-10.47.49.jpeg\" alt=\"\" width=\"748\" height=\"157\" srcset=\"https:\/\/vinasfm.com\/noticias\/wp-content\/uploads\/2023\/06\/WhatsApp-Image-2023-06-13-at-10.47.49.jpeg 748w, https:\/\/vinasfm.com\/noticias\/wp-content\/uploads\/2023\/06\/WhatsApp-Image-2023-06-13-at-10.47.49-300x63.jpeg 300w\" sizes=\"auto, (max-width: 748px) 100vw, 748px\" \/><\/a><\/div>\n<h2>Gr\u00e1fico de votos positivos por agrupaci\u00f3n Pol\u00edtica<\/h2>\n<p><a href=\"https:\/\/vinasfm.com\/noticias\/wp-content\/uploads\/2023\/06\/WhatsApp-Image-2023-06-13-at-10.49.34.jpeg\"><img loading=\"lazy\" decoding=\"async\" class=\"alignnone wp-image-123307 size-full\" src=\"https:\/\/vinasfm.com\/noticias\/wp-content\/uploads\/2023\/06\/WhatsApp-Image-2023-06-13-at-10.49.34.jpeg\" alt=\"\" width=\"874\" height=\"331\" srcset=\"https:\/\/vinasfm.com\/noticias\/wp-content\/uploads\/2023\/06\/WhatsApp-Image-2023-06-13-at-10.49.34.jpeg 874w, https:\/\/vinasfm.com\/noticias\/wp-content\/uploads\/2023\/06\/WhatsApp-Image-2023-06-13-at-10.49.34-300x114.jpeg 300w, https:\/\/vinasfm.com\/noticias\/wp-content\/uploads\/2023\/06\/WhatsApp-Image-2023-06-13-at-10.49.34-768x291.jpeg 768w\" sizes=\"auto, (max-width: 874px) 100vw, 874px\" \/><\/a><\/p>\n<p><a href=\"https:\/\/vinasfm.com\/noticias\/wp-content\/uploads\/2023\/06\/CM-13874-VOTOS-58.00-1.png\"><img loading=\"lazy\" decoding=\"async\" class=\"alignnone size-full wp-image-123308\" src=\"https:\/\/vinasfm.com\/noticias\/wp-content\/uploads\/2023\/06\/CM-13874-VOTOS-58.00-1.png\" alt=\"\" width=\"1772\" height=\"236\" srcset=\"https:\/\/vinasfm.com\/noticias\/wp-content\/uploads\/2023\/06\/CM-13874-VOTOS-58.00-1.png 1772w, https:\/\/vinasfm.com\/noticias\/wp-content\/uploads\/2023\/06\/CM-13874-VOTOS-58.00-1-300x40.png 300w, https:\/\/vinasfm.com\/noticias\/wp-content\/uploads\/2023\/06\/CM-13874-VOTOS-58.00-1-1024x136.png 1024w, https:\/\/vinasfm.com\/noticias\/wp-content\/uploads\/2023\/06\/CM-13874-VOTOS-58.00-1-768x102.png 768w, https:\/\/vinasfm.com\/noticias\/wp-content\/uploads\/2023\/06\/CM-13874-VOTOS-58.00-1-1536x205.png 1536w\" sizes=\"auto, (max-width: 1772px) 100vw, 1772px\" \/><\/a><\/p>\n<h2>Detalle de votos<\/h2>\n<p><a href=\"https:\/\/vinasfm.com\/noticias\/wp-content\/uploads\/2023\/06\/WhatsApp-Image-2023-06-13-at-11.13.18.jpeg\"><img loading=\"lazy\" decoding=\"async\" class=\"alignnone wp-image-123309\" src=\"https:\/\/vinasfm.com\/noticias\/wp-content\/uploads\/2023\/06\/WhatsApp-Image-2023-06-13-at-11.13.18.jpeg\" alt=\"\" width=\"710\" height=\"451\" srcset=\"https:\/\/vinasfm.com\/noticias\/wp-content\/uploads\/2023\/06\/WhatsApp-Image-2023-06-13-at-11.13.18.jpeg 600w, https:\/\/vinasfm.com\/noticias\/wp-content\/uploads\/2023\/06\/WhatsApp-Image-2023-06-13-at-11.13.18-300x191.jpeg 300w\" sizes=\"auto, (max-width: 710px) 100vw, 710px\" \/><\/a><\/p>\n<p>&nbsp;<\/p>\n<\/div>\n<\/div>\n","protected":false},"excerpt":{"rendered":"<p>La cuarta secci\u00f3n se conforma por los departamentos del sur de la provincia; San Rafael, General Alvear y Malag\u00fce. 4ta Secci\u00f3n &#8230;<\/p>\n","protected":false},"author":7,"featured_media":27392,"comment_status":"open","ping_status":"open","sticky":false,"template":"","format":"standard","meta":{"footnotes":""},"categories":[5,23],"tags":[],"class_list":["post-123305","post","type-post","status-publish","format-standard","has-post-thumbnail","hentry","category-actualidad","category-elecciones"],"_links":{"self":[{"href":"https:\/\/vinasfm.com\/noticias\/wp-json\/wp\/v2\/posts\/123305","targetHints":{"allow":["GET"]}}],"collection":[{"href":"https:\/\/vinasfm.com\/noticias\/wp-json\/wp\/v2\/posts"}],"about":[{"href":"https:\/\/vinasfm.com\/noticias\/wp-json\/wp\/v2\/types\/post"}],"author":[{"embeddable":true,"href":"https:\/\/vinasfm.com\/noticias\/wp-json\/wp\/v2\/users\/7"}],"replies":[{"embeddable":true,"href":"https:\/\/vinasfm.com\/noticias\/wp-json\/wp\/v2\/comments?post=123305"}],"version-history":[{"count":2,"href":"https:\/\/vinasfm.com\/noticias\/wp-json\/wp\/v2\/posts\/123305\/revisions"}],"predecessor-version":[{"id":123312,"href":"https:\/\/vinasfm.com\/noticias\/wp-json\/wp\/v2\/posts\/123305\/revisions\/123312"}],"wp:featuredmedia":[{"embeddable":true,"href":"https:\/\/vinasfm.com\/noticias\/wp-json\/wp\/v2\/media\/27392"}],"wp:attachment":[{"href":"https:\/\/vinasfm.com\/noticias\/wp-json\/wp\/v2\/media?parent=123305"}],"wp:term":[{"taxonomy":"category","embeddable":true,"href":"https:\/\/vinasfm.com\/noticias\/wp-json\/wp\/v2\/categories?post=123305"},{"taxonomy":"post_tag","embeddable":true,"href":"https:\/\/vinasfm.com\/noticias\/wp-json\/wp\/v2\/tags?post=123305"}],"curies":[{"name":"wp","href":"https:\/\/api.w.org\/{rel}","templated":true}]}}