{"id":123296,"date":"2023-06-13T09:49:03","date_gmt":"2023-06-13T12:49:03","guid":{"rendered":"https:\/\/vinasfm.com\/noticias\/?p=123296"},"modified":"2023-06-14T08:54:23","modified_gmt":"2023-06-14T11:54:23","slug":"iscamen-impulsa-el-control-de-plagas-agricolas-durante-los-meses-de-invierno","status":"publish","type":"post","link":"https:\/\/vinasfm.com\/noticias\/iscamen-impulsa-el-control-de-plagas-agricolas-durante-los-meses-de-invierno\/","title":{"rendered":"ISCAMEN IMPULSA EL CONTROL DE PLAGAS AGR\u00cdCOLAS DURANTE LOS MESES DE INVIERNO"},"content":{"rendered":"<p><strong>Mendoza es la principal productora nacional de frutas y la segunda de hortalizas, pero en los meses de invierno no hay producci\u00f3n comercial de frutas. Sin embargo, los c\u00edtricos domiciliarios como\u00a0pomelos, mandarinos, naranjos y quinotos \u2013excepto el limonero-\u00a0 sirven de puente natural para que la mosca del Mediterr\u00e1neo y otras plagas contin\u00faen su ciclo biol\u00f3gico durante el invierno.<\/strong><\/p>\n<p>La mosca del Mediterr\u00e1neo se refugia en los c\u00edtricos en estado de huevo o como larva, para posteriormente, cuando las condiciones clim\u00e1ticas sean las adecuadas, pasar a los damascos, duraznos, ciruelas, membrillos y otras plantaciones comerciales de Mendoza.<\/p>\n<p>Asimismo, inviernos m\u00e1s ben\u00e9volos generan condiciones predisponentes para la sobrevivencia de plagas agr\u00edcolas. Seg\u00fan el Servicio Meteorol\u00f3gico Nacional se espera un invierno con temperaturas superiores a las normales, siendo probable que el fr\u00edo no interrumpa el ciclo biol\u00f3gico de la plaga. Por ello, desde ISCAMEN se ha dispuesto continuar la liberaci\u00f3n terrestre de insectos esterilizados, producidos en la Bioplanta del ISCAMEN en Santa Rosa en \u00e1reas del Gran Mendoza y el este mendocino.<\/p>\n<p>El sistema de liberaci\u00f3n terrestre se realiza mediante las cl\u00e1sicas bolsas y baldes adaptados para este fin, que se ubican al nivel del suelo, durante el lapso de 3 horas, aproximadamente, para luego ser retirados. La colocaci\u00f3n y retiro de estos baldes es realizado por personal de\u00a0 ISCAMEN\u00a0 y los baldes se encuentran debidamente identificados y son inofensivos para la salud humana y de las mascotas.<\/p>\n<h2><strong>Temporada de cosecha de c\u00edtricos<\/strong><\/h2>\n<p>Se encuentra vigente la Resoluci\u00f3n N\u00ba 433\/2007 que establece como pr\u00e1ctica obligatoria la cosecha total, antes del 31 de agosto de cada a\u00f1o, de cualquier plantaci\u00f3n frutal c\u00edtrica, con excepci\u00f3n del limonero. La obligatoriedad incluye a toda persona f\u00edsica o jur\u00eddica que posea estos frutales.<\/p>\n<p>Ante la imposibilidad a la hora de realizar la cosecha total del c\u00edtrico, el ISCAMEN pone a disposici\u00f3n de los vecinos el servicio de sus Brigadas Fitosanitarias.<\/p>\n<p>Para mayor informaci\u00f3n comunicarse a la l\u00ednea gratuita del ISCAMEN 0800-666-4722 o dirigirse a la delegaci\u00f3n m\u00e1s cercana.<\/p>\n<ul>\n<li>ISCAMEN Sede Central: Boulogne Sur Mer 3050, Ciudad, tel.:4299013\/ 4299015\/4258741 interno 222, en horario de 8:00 hs a 14:00.<\/li>\n<li>ISCAMEN San Rafael: Av. Mitre 5400, Cuadro Nacional Tel.: 0260-4442032<\/li>\n<li>ISCAMEN General Alvear: Ruta nacional 188, Km 785, Parque Industrial, Tel. 0261-66957875<\/li>\n<li>ISCAMEN Valle de Uco:\u00a0 Dalmau e Yrigoyen, Tunuy\u00e1n, Tel.: 02622-423709<\/li>\n<li>ISCAMEN Este: Chubut 130, San Martin Tel 0263-4420942<\/li>\n<\/ul>\n<h2><strong>\u00bfQu\u00e9 se puede hacer con los c\u00edtricos urbanos?\u00a0<\/strong><\/h2>\n<p>Una respuesta clave a esta problem\u00e1tica es consumir los c\u00edtricos domiciliarios y no dejar que los frutos se pudran en las plantas; para que los vecinos cumplan la pr\u00e1ctica obligatoria de cosecha total de su c\u00edtrico antes del 31 de agosto de cada a\u00f1o y procesen sus frutas en alimentos ricos y nutritivos ISCAMEN y el Programa 365 tentaciones del Ministerio de Econom\u00eda y Energ\u00eda proponen una campa\u00f1a\u00a0\u00a0<em><strong><span style=\"color: #800080;\">#CosechaTusC\u00edtricos<\/span><\/strong>\u00a0<\/em>para consumir los c\u00edtricos urbanos<\/p>\n<p>En este marco se han desarrollado recetarios con una gran variedad de preparaciones para que queden en los \u00e1rboles sin que se los consuma o procese, lo que facilita la presencia de plagas como mosca del Mediterr\u00e1neo que afectan directamente al \u00e1rbol frutal. Asimismo, la cosecha mejora las condiciones productivas de la planta para la pr\u00f3xima campa\u00f1a, por lo que se trata de una buena pr\u00e1ctica que beneficia en muchos sentidos.<\/p>\n<p>Los recetarios incluyen opciones como cheesecake, torta invertida y licor de quinotos, mermelada,\u00a0 sorbete,\u00a0 licor, flan y bizcocho de mandarinas;\u00a0 ensalada de kale, palta y pomelo, pomelos gratinados con canela, mini mandarinas confitadas y muchas otras.<\/p>\n<p>La campa\u00f1a tiene dos objetivos bien diferenciados ya que por un lado propone la colaboraci\u00f3n con la producci\u00f3n mendocina en el combate de la plaga y estimula la solidaridad compartiendo las\u00a0 preparaciones realizadas con familiares, amigos y vecinos. A trav\u00e9s del siguiente link se puede acceder a los recetarios\u00a0<a href=\"http:\/\/www.iscamen.com.ar\/citricos.php\" target=\"_blank\" rel=\"noreferrer noopener\">http:\/\/www.iscamen.com.ar\/citricos.php<\/a><\/p>\n","protected":false},"excerpt":{"rendered":"<p>Mendoza es la principal productora nacional de frutas y la segunda de hortalizas, pero en los meses de invierno no hay &#8230;<\/p>\n","protected":false},"author":7,"featured_media":123298,"comment_status":"open","ping_status":"open","sticky":false,"template":"","format":"standard","meta":{"footnotes":""},"categories":[5,14],"tags":[],"class_list":["post-123296","post","type-post","status-publish","format-standard","has-post-thumbnail","hentry","category-actualidad","category-agro"],"_links":{"self":[{"href":"https:\/\/vinasfm.com\/noticias\/wp-json\/wp\/v2\/posts\/123296","targetHints":{"allow":["GET"]}}],"collection":[{"href":"https:\/\/vinasfm.com\/noticias\/wp-json\/wp\/v2\/posts"}],"about":[{"href":"https:\/\/vinasfm.com\/noticias\/wp-json\/wp\/v2\/types\/post"}],"author":[{"embeddable":true,"href":"https:\/\/vinasfm.com\/noticias\/wp-json\/wp\/v2\/users\/7"}],"replies":[{"embeddable":true,"href":"https:\/\/vinasfm.com\/noticias\/wp-json\/wp\/v2\/comments?post=123296"}],"version-history":[{"count":1,"href":"https:\/\/vinasfm.com\/noticias\/wp-json\/wp\/v2\/posts\/123296\/revisions"}],"predecessor-version":[{"id":123299,"href":"https:\/\/vinasfm.com\/noticias\/wp-json\/wp\/v2\/posts\/123296\/revisions\/123299"}],"wp:featuredmedia":[{"embeddable":true,"href":"https:\/\/vinasfm.com\/noticias\/wp-json\/wp\/v2\/media\/123298"}],"wp:attachment":[{"href":"https:\/\/vinasfm.com\/noticias\/wp-json\/wp\/v2\/media?parent=123296"}],"wp:term":[{"taxonomy":"category","embeddable":true,"href":"https:\/\/vinasfm.com\/noticias\/wp-json\/wp\/v2\/categories?post=123296"},{"taxonomy":"post_tag","embeddable":true,"href":"https:\/\/vinasfm.com\/noticias\/wp-json\/wp\/v2\/tags?post=123296"}],"curies":[{"name":"wp","href":"https:\/\/api.w.org\/{rel}","templated":true}]}}