{"id":123284,"date":"2023-06-12T20:09:57","date_gmt":"2023-06-12T23:09:57","guid":{"rendered":"https:\/\/vinasfm.com\/noticias\/?p=123284"},"modified":"2023-06-13T20:50:02","modified_gmt":"2023-06-13T23:50:02","slug":"la-palaba-de-molero-despues-de-ganar-la-interna","status":"publish","type":"post","link":"https:\/\/vinasfm.com\/noticias\/la-palaba-de-molero-despues-de-ganar-la-interna\/","title":{"rendered":"LA PALABRA DE MOLERO DESPU\u00c9S DE GANAR LA INTERNA"},"content":{"rendered":"<p><strong>Tras su victoria en la interna local de Cambia Mendoza, Alejandro Molero se mostr\u00f3 expectante para las generales del 24 de septiembre. <\/strong><\/p>\n<p><strong><em>\u201cEstas elecciones internas fueron mi oportunidad. La gente se ilusiona, trabaja mucho, hace mucho esfuerzo y saben que la hemos peleado por muchos a\u00f1os<\/em><\/strong>\u201d, expres\u00f3 emocionado Molero recordando su participaci\u00f3n en las PASO del 2015.<\/p>\n<p><a href=\"https:\/\/vinasfm.com\/noticias\/wp-content\/uploads\/2023\/06\/WhatsApp-Image-2023-06-11-at-22.14.19.jpeg\"><img loading=\"lazy\" decoding=\"async\" class=\"alignnone wp-image-123286\" src=\"https:\/\/vinasfm.com\/noticias\/wp-content\/uploads\/2023\/06\/WhatsApp-Image-2023-06-11-at-22.14.19.jpeg\" alt=\"\" width=\"300\" height=\"533\" srcset=\"https:\/\/vinasfm.com\/noticias\/wp-content\/uploads\/2023\/06\/WhatsApp-Image-2023-06-11-at-22.14.19.jpeg 720w, https:\/\/vinasfm.com\/noticias\/wp-content\/uploads\/2023\/06\/WhatsApp-Image-2023-06-11-at-22.14.19-169x300.jpeg 169w, https:\/\/vinasfm.com\/noticias\/wp-content\/uploads\/2023\/06\/WhatsApp-Image-2023-06-11-at-22.14.19-576x1024.jpeg 576w\" sizes=\"auto, (max-width: 300px) 100vw, 300px\" \/><\/a> <a href=\"https:\/\/vinasfm.com\/noticias\/wp-content\/uploads\/2023\/06\/WhatsApp-Image-2023-06-11-at-22.14.28.jpeg\"><img loading=\"lazy\" decoding=\"async\" class=\"alignnone wp-image-123287\" src=\"https:\/\/vinasfm.com\/noticias\/wp-content\/uploads\/2023\/06\/WhatsApp-Image-2023-06-11-at-22.14.28.jpeg\" alt=\"\" width=\"300\" height=\"533\" srcset=\"https:\/\/vinasfm.com\/noticias\/wp-content\/uploads\/2023\/06\/WhatsApp-Image-2023-06-11-at-22.14.28.jpeg 720w, https:\/\/vinasfm.com\/noticias\/wp-content\/uploads\/2023\/06\/WhatsApp-Image-2023-06-11-at-22.14.28-169x300.jpeg 169w, https:\/\/vinasfm.com\/noticias\/wp-content\/uploads\/2023\/06\/WhatsApp-Image-2023-06-11-at-22.14.28-576x1024.jpeg 576w\" sizes=\"auto, (max-width: 300px) 100vw, 300px\" \/><\/a><\/p>\n<h6>Molero celebrando junto a sus hijos<\/h6>\n<p><strong><em>\u00a0\u201cLo que se viene en estos tres meses es un camino largo, tenemos tres meses para ir a convocar a todos\u201d,<\/em><\/strong> profetiz\u00f3 y aclar\u00f3 <strong><em>\u201ccuando digo todos no solo me refiero a los que conforman Cambia Mendoza, hablo de todos los que tenga vocaci\u00f3n y cosas para sumar, tenemos que hacer un gran gobierno con la participaci\u00f3n de todos\u201d.<\/em><\/strong><\/p>\n<p><strong><em>\u201cEl domingo por la noche hablamos con Walther y coincidimos en continuar con esta gesti\u00f3n, vamos a potenciar y mantener las pol\u00edticas que han desarrollado, tambi\u00e9n escuchar cu\u00e1les son sus ideas y decidir a d\u00f3nde vamos a apuntar\u201d,<\/em><\/strong> remarc\u00f3 <span style=\"color: #800080;\"><strong>Alejandro Molero.<\/strong><\/span> Adem\u00e1s subray\u00f3, <strong><em>\u201chay muchas personas en el frente y en todo el radicalismo a las que tenemos que ir a buscar\u201d.<\/em><\/strong><\/p>\n<p><a href=\"https:\/\/vinasfm.com\/noticias\/wp-content\/uploads\/2023\/06\/353017820_722353989895072_7516976257833561555_n.jpg\"><img loading=\"lazy\" decoding=\"async\" class=\"alignnone wp-image-123289\" src=\"https:\/\/vinasfm.com\/noticias\/wp-content\/uploads\/2023\/06\/353017820_722353989895072_7516976257833561555_n.jpg\" alt=\"\" width=\"360\" height=\"240\" srcset=\"https:\/\/vinasfm.com\/noticias\/wp-content\/uploads\/2023\/06\/353017820_722353989895072_7516976257833561555_n.jpg 1066w, https:\/\/vinasfm.com\/noticias\/wp-content\/uploads\/2023\/06\/353017820_722353989895072_7516976257833561555_n-300x200.jpg 300w, https:\/\/vinasfm.com\/noticias\/wp-content\/uploads\/2023\/06\/353017820_722353989895072_7516976257833561555_n-1024x683.jpg 1024w, https:\/\/vinasfm.com\/noticias\/wp-content\/uploads\/2023\/06\/353017820_722353989895072_7516976257833561555_n-768x512.jpg 768w\" sizes=\"auto, (max-width: 360px) 100vw, 360px\" \/><\/a> <a href=\"https:\/\/vinasfm.com\/noticias\/wp-content\/uploads\/2023\/06\/353464075_722353996561738_7130453619589512790_n.jpg\"><img loading=\"lazy\" decoding=\"async\" class=\"alignnone wp-image-123290\" src=\"https:\/\/vinasfm.com\/noticias\/wp-content\/uploads\/2023\/06\/353464075_722353996561738_7130453619589512790_n.jpg\" alt=\"\" width=\"360\" height=\"240\" srcset=\"https:\/\/vinasfm.com\/noticias\/wp-content\/uploads\/2023\/06\/353464075_722353996561738_7130453619589512790_n.jpg 1065w, https:\/\/vinasfm.com\/noticias\/wp-content\/uploads\/2023\/06\/353464075_722353996561738_7130453619589512790_n-300x200.jpg 300w, https:\/\/vinasfm.com\/noticias\/wp-content\/uploads\/2023\/06\/353464075_722353996561738_7130453619589512790_n-1024x683.jpg 1024w, https:\/\/vinasfm.com\/noticias\/wp-content\/uploads\/2023\/06\/353464075_722353996561738_7130453619589512790_n-768x512.jpg 768w\" sizes=\"auto, (max-width: 360px) 100vw, 360px\" \/><\/a><\/p>\n<h6>Molero junto a Carlos Ponce, Walther Marcolini y Jorge P\u00e9rez<\/h6>\n<p>En un an\u00e1lisis de lo sucedido a nivel provincial destac\u00f3 el resultado obtenido por Luis Petri, <strong><em>\u201clo denominan sorpresa pero ya lo ven\u00edamos visualizando. Si bien los resultados de Alfredo Cornejo fueron muy altos, Luis ha podido canalizar a todos los que no coinciden con Cornejo\u201d.<\/em><\/strong><\/p>\n<p><strong><em>\u201cLa pol\u00edtica se hace fuerte por el armado y las estructuras, no por las propuestas. Tenemos mucho trabajo que hacer y estamos listos para encarar las generales<\/em><\/strong>\u201d, cerr\u00f3 el ahora candidato a la intendencia de General Alvear, Alejandro Molero.<\/p>\n","protected":false},"excerpt":{"rendered":"<p>Tras su victoria en la interna local de Cambia Mendoza, Alejandro Molero se mostr\u00f3 expectante para las generales del 24 de &#8230;<\/p>\n","protected":false},"author":7,"featured_media":123288,"comment_status":"open","ping_status":"open","sticky":false,"template":"","format":"standard","meta":{"footnotes":""},"categories":[5,7],"tags":[],"class_list":["post-123284","post","type-post","status-publish","format-standard","has-post-thumbnail","hentry","category-actualidad","category-politica"],"_links":{"self":[{"href":"https:\/\/vinasfm.com\/noticias\/wp-json\/wp\/v2\/posts\/123284","targetHints":{"allow":["GET"]}}],"collection":[{"href":"https:\/\/vinasfm.com\/noticias\/wp-json\/wp\/v2\/posts"}],"about":[{"href":"https:\/\/vinasfm.com\/noticias\/wp-json\/wp\/v2\/types\/post"}],"author":[{"embeddable":true,"href":"https:\/\/vinasfm.com\/noticias\/wp-json\/wp\/v2\/users\/7"}],"replies":[{"embeddable":true,"href":"https:\/\/vinasfm.com\/noticias\/wp-json\/wp\/v2\/comments?post=123284"}],"version-history":[{"count":2,"href":"https:\/\/vinasfm.com\/noticias\/wp-json\/wp\/v2\/posts\/123284\/revisions"}],"predecessor-version":[{"id":123297,"href":"https:\/\/vinasfm.com\/noticias\/wp-json\/wp\/v2\/posts\/123284\/revisions\/123297"}],"wp:featuredmedia":[{"embeddable":true,"href":"https:\/\/vinasfm.com\/noticias\/wp-json\/wp\/v2\/media\/123288"}],"wp:attachment":[{"href":"https:\/\/vinasfm.com\/noticias\/wp-json\/wp\/v2\/media?parent=123284"}],"wp:term":[{"taxonomy":"category","embeddable":true,"href":"https:\/\/vinasfm.com\/noticias\/wp-json\/wp\/v2\/categories?post=123284"},{"taxonomy":"post_tag","embeddable":true,"href":"https:\/\/vinasfm.com\/noticias\/wp-json\/wp\/v2\/tags?post=123284"}],"curies":[{"name":"wp","href":"https:\/\/api.w.org\/{rel}","templated":true}]}}