{"id":123280,"date":"2023-06-12T19:12:05","date_gmt":"2023-06-12T22:12:05","guid":{"rendered":"https:\/\/vinasfm.com\/noticias\/?p=123280"},"modified":"2023-06-13T11:58:10","modified_gmt":"2023-06-13T14:58:10","slug":"boleta-unica-la-dura-respuesta-de-ibanez-a-sagasti-y-de-marchi","status":"publish","type":"post","link":"https:\/\/vinasfm.com\/noticias\/boleta-unica-la-dura-respuesta-de-ibanez-a-sagasti-y-de-marchi\/","title":{"rendered":"BOLETA \u00daNICA: LA DURA RESPUESTA DE IB\u00c1\u00d1EZ A SAGASTI Y DE MARCHI"},"content":{"rendered":"<p><strong>El ministro de Gobierno asegur\u00f3 que la oposici\u00f3n \u201csubestima\u201d a la sociedad mendocina luego del debut del nuevo sistema electoral.<\/strong><\/p>\n<p>El estreno de la\u00a0<strong>Boleta \u00danica<\/strong> para la elecci\u00f3n de gobernador, si bien fue \u00e1gil al momento de la votaci\u00f3n, tambi\u00e9n gener\u00f3 cr\u00edticas por parte de\u00a0<span style=\"color: #800080;\"><strong>Anabel Fern\u00e1ndez Sagasti\u00a0<\/strong>y\u00a0<strong>Omar De Marchi<\/strong>.<\/span> Qui\u00e9n sali\u00f3 al cruce de la oposici\u00f3n fue el ministro de Gobierno,\u00a0<span style=\"color: #800080;\"><strong>V\u00edctor Iba\u00f1ez Rosaz<\/strong>.<\/span><\/p>\n<p>El titular de la cartera pol\u00edtica en el gobierno de Rodolfo Suarez resalt\u00f3 que lo \u00fanico que le inestera es lo que dice la gente.<strong>\u201cAhora el votante con una lapicera puede elegir al candidato o partido que quiera\u201d<\/strong>, remarc\u00f3 el funcionario.<\/p>\n<aside class=\"scaip scaip-1 \"><\/aside>\n<p><strong>Fern\u00e1ndez Sagasti<\/strong> hab\u00eda declarado que tanto la sociedad como autoridades de mesas o responsables de escuelas desconoc\u00edan c\u00f3mo era el sistema de<strong>\u00a0Boleta \u00danica.\u00a0<\/strong>Adem\u00e1s<strong>\u00a0<\/strong>sostuvo que fue una jugada de parte del Gobierno Provincial en no realizar las capacitaciones correspondientes para manipular el resultado electoral.<\/p>\n<p>Por el lado del candidato de<strong>\u00a0La Uni\u00f3n Mendocina (LUM),\u00a0<\/strong>expres\u00f3 la lentitud del sistema a la hora de la carga de los datos oficiales y del tama\u00f1o de la letra en las boletas, ya que esto se presenta como una dificultad a las personas mayores o quienes tengan problemas visuales.<\/p>\n<aside class=\"scaip scaip-2 \"><\/aside>\n<p>&nbsp;<\/p>\n<figure class=\"wp-block-embed is-type-rich is-provider-twitter wp-block-embed-twitter\">\n<div class=\"wp-block-embed__wrapper\">\n<div class=\"twitter-tweet twitter-tweet-rendered\"><iframe id=\"twitter-widget-0\" class=\"\" title=\"Twitter Tweet\" src=\"https:\/\/platform.twitter.com\/embed\/Tweet.html?creatorScreenName=elsolonline&amp;dnt=true&amp;embedId=twitter-widget-0&amp;features=eyJ0ZndfdGltZWxpbmVfbGlzdCI6eyJidWNrZXQiOltdLCJ2ZXJzaW9uIjpudWxsfSwidGZ3X2ZvbGxvd2VyX2NvdW50X3N1bnNldCI6eyJidWNrZXQiOnRydWUsInZlcnNpb24iOm51bGx9LCJ0ZndfdHdlZXRfZWRpdF9iYWNrZW5kIjp7ImJ1Y2tldCI6Im9uIiwidmVyc2lvbiI6bnVsbH0sInRmd19yZWZzcmNfc2Vzc2lvbiI6eyJidWNrZXQiOiJvbiIsInZlcnNpb24iOm51bGx9LCJ0ZndfZm9zbnJfc29mdF9pbnRlcnZlbnRpb25zX2VuYWJsZWQiOnsiYnVja2V0Ijoib24iLCJ2ZXJzaW9uIjpudWxsfSwidGZ3X21peGVkX21lZGlhXzE1ODk3Ijp7ImJ1Y2tldCI6InRyZWF0bWVudCIsInZlcnNpb24iOm51bGx9LCJ0ZndfZXhwZXJpbWVudHNfY29va2llX2V4cGlyYXRpb24iOnsiYnVja2V0IjoxMjA5NjAwLCJ2ZXJzaW9uIjpudWxsfSwidGZ3X3Nob3dfYmlyZHdhdGNoX3Bpdm90c19lbmFibGVkIjp7ImJ1Y2tldCI6Im9uIiwidmVyc2lvbiI6bnVsbH0sInRmd19kdXBsaWNhdGVfc2NyaWJlc190b19zZXR0aW5ncyI6eyJidWNrZXQiOiJvbiIsInZlcnNpb24iOm51bGx9LCJ0ZndfdXNlX3Byb2ZpbGVfaW1hZ2Vfc2hhcGVfZW5hYmxlZCI6eyJidWNrZXQiOiJvbiIsInZlcnNpb24iOm51bGx9LCJ0ZndfdmlkZW9faGxzX2R5bmFtaWNfbWFuaWZlc3RzXzE1MDgyIjp7ImJ1Y2tldCI6InRydWVfYml0cmF0ZSIsInZlcnNpb24iOm51bGx9LCJ0ZndfbGVnYWN5X3RpbWVsaW5lX3N1bnNldCI6eyJidWNrZXQiOnRydWUsInZlcnNpb24iOm51bGx9LCJ0ZndfdHdlZXRfZWRpdF9mcm9udGVuZCI6eyJidWNrZXQiOiJvbiIsInZlcnNpb24iOm51bGx9fQ%3D%3D&amp;frame=false&amp;hideCard=false&amp;hideThread=false&amp;id=1667953142628073473&amp;lang=es&amp;origin=https%3A%2F%2Fwww.elsol.com.ar%2Fmendoza%2Fboleta-unica-la-dura-respuesta-de-ibanez-a-sagasti-y-de-marchi%2F&amp;sessionId=d0d1c99c7fe91f0d9e618bbb2ca45e7b7f430435&amp;siteScreenName=elsolonline&amp;theme=light&amp;widgetsVersion=aaf4084522e3a%3A1674595607486&amp;width=550px\" frameborder=\"0\" scrolling=\"no\" allowfullscreen=\"allowfullscreen\" data-tweet-id=\"1667953142628073473\" data-mce-fragment=\"1\"><\/iframe><\/div>\n<\/div>\n<\/figure>\n<p>En respuesta a\u00a0<strong>De Marchi<\/strong>, Iba\u00f1ez explic\u00f3 que se hizo el mayor esfuerzo para que los nombres y las fotos de los precandidatos tuvieran un tama\u00f1o identificable.\u00a0<em>\u00a0<strong>\u201cCapaz que una persona mayor o con dificultades de vista se le pudo complicar a la hora de votar, pero para las generales no van a tener ese inconveniente debido a que van a haber menos listas en todos los departamentos<\/strong><\/em><strong>\u201d<\/strong>, dijo\u00a0<strong>Iba\u00f1ez<\/strong>.<\/p>\n<p>Pese a todo, resalt\u00f3 que este domingo a las 22 horas la Junta Electoral hab\u00eda dado a conocer los n\u00fameros de los comicios y que una hora antes los partidos ya ten\u00edan una cifra estipulada.<\/p>\n<p>El ministro tambi\u00e9n se defendi\u00f3 de los comentarios de\u00a0<strong>Fern\u00e1ndez Sagasti<\/strong>\u00a0y afirm\u00f3 que el Gobierno recorri\u00f3 toda la provincia capacitando a la sociedad a trav\u00e9s de charlas, visitas a instrucciones o mediantes las redes sociales.\u00a0<strong><em>\u201cD\u00f3nde estaban ellos. Yo no los vi nunca\u201d<\/em><\/strong>, se respondi\u00f3.<\/p>\n<p>En la misma l\u00ednea, el letrado consider\u00f3 que ambos referentes de la oposici\u00f2n prefieren la boleta sabana.<\/p>\n<p><strong><em>\u201cPrefieren la boleta partidaria \u00bfY sab\u00e9s por qu\u00e9 la prefieren? Porque de esa manera pueden hacer trampa. Porque de esa manera subestiman a la gente llev\u00e1ndole la boleta a la casa. Estas no son cr\u00edticas, sino que son manotazos de ahogados de frentes que no le dan los n\u00fameros. Los m\u00e1s graciosos que muchos de estos personajes hace un tiempo atr\u00e1s ped\u00edan la implementaci\u00f3n de la Boleta \u00danica\u201d<\/em><\/strong>, sentenci\u00f3 Iba\u00f1ez.<\/p>\n<div class=\"newspack_global_ad sidebar_article-2 fixed-height\">\n<div id=\"div-gpt-ad-0f8be909e3-0\" data-google-query-id=\"CLe5urfdvv8CFe-1lQIdIXoMcA\"><\/div>\n<\/div>\n","protected":false},"excerpt":{"rendered":"<p>El ministro de Gobierno asegur\u00f3 que la oposici\u00f3n \u201csubestima\u201d a la sociedad mendocina luego del debut del nuevo sistema electoral. El &#8230;<\/p>\n","protected":false},"author":7,"featured_media":123281,"comment_status":"open","ping_status":"open","sticky":false,"template":"","format":"standard","meta":{"footnotes":""},"categories":[5,23],"tags":[],"class_list":["post-123280","post","type-post","status-publish","format-standard","has-post-thumbnail","hentry","category-actualidad","category-elecciones"],"_links":{"self":[{"href":"https:\/\/vinasfm.com\/noticias\/wp-json\/wp\/v2\/posts\/123280","targetHints":{"allow":["GET"]}}],"collection":[{"href":"https:\/\/vinasfm.com\/noticias\/wp-json\/wp\/v2\/posts"}],"about":[{"href":"https:\/\/vinasfm.com\/noticias\/wp-json\/wp\/v2\/types\/post"}],"author":[{"embeddable":true,"href":"https:\/\/vinasfm.com\/noticias\/wp-json\/wp\/v2\/users\/7"}],"replies":[{"embeddable":true,"href":"https:\/\/vinasfm.com\/noticias\/wp-json\/wp\/v2\/comments?post=123280"}],"version-history":[{"count":1,"href":"https:\/\/vinasfm.com\/noticias\/wp-json\/wp\/v2\/posts\/123280\/revisions"}],"predecessor-version":[{"id":123282,"href":"https:\/\/vinasfm.com\/noticias\/wp-json\/wp\/v2\/posts\/123280\/revisions\/123282"}],"wp:featuredmedia":[{"embeddable":true,"href":"https:\/\/vinasfm.com\/noticias\/wp-json\/wp\/v2\/media\/123281"}],"wp:attachment":[{"href":"https:\/\/vinasfm.com\/noticias\/wp-json\/wp\/v2\/media?parent=123280"}],"wp:term":[{"taxonomy":"category","embeddable":true,"href":"https:\/\/vinasfm.com\/noticias\/wp-json\/wp\/v2\/categories?post=123280"},{"taxonomy":"post_tag","embeddable":true,"href":"https:\/\/vinasfm.com\/noticias\/wp-json\/wp\/v2\/tags?post=123280"}],"curies":[{"name":"wp","href":"https:\/\/api.w.org\/{rel}","templated":true}]}}