{"id":123274,"date":"2023-06-12T18:55:56","date_gmt":"2023-06-12T21:55:56","guid":{"rendered":"https:\/\/vinasfm.com\/noticias\/?p=123274"},"modified":"2023-06-13T11:58:33","modified_gmt":"2023-06-13T14:58:33","slug":"esta-semana-aumentan-nuevamente-los-combustibles","status":"publish","type":"post","link":"https:\/\/vinasfm.com\/noticias\/esta-semana-aumentan-nuevamente-los-combustibles\/","title":{"rendered":"ESTA SEMANA AUMENTAN NUEVAMENTE LOS COMBUSTIBLES"},"content":{"rendered":"<div class=\"description-boxed\"><strong>Las petroleras subir\u00e1n 4% los precios, seg\u00fan acordaron con el gobierno en el marco del programa Precios Justos. Con el ajuste, la s\u00faper de YPF en Mendoza superar\u00e1 los $216 el litro.<\/strong><\/div>\n<div><\/div>\n<div>Durante la semana que comienza, las petroleras que operan en el terriotrio nacional aplicar\u00e1n un nuevo\u00a0<b>incremento en el precio de sus combustibles<\/b>, que rondar\u00e1 el\u00a0<b>4%<\/b>.<\/div>\n<div>\n<p>Se trata del s\u00e9ptimo aumento consecutivo que se aplicar\u00e1 en el marco del programa<b>\u00a0Precios Justos<\/b>,\u00a0 que firm\u00f3 el gobierno nacional con las compa\u00f1\u00edas del sector y que va a tener vigencia hasta el pr\u00f3ximo 15 de agosto.<\/p>\n<p>El ajuste\u00a0<b>podr\u00eda realizarse el jueves 15<\/b>,\u00a0<b>\u00a0<\/b>o directamente\u00a0durante el fin de semana largo por los feriados del lunes 19 y el martes 20.\u00a0 Se trata de una suba acordada por las secretar\u00edas de Energ\u00eda y de Comercio hace dos meses, cuando renovaron el acuerdo con el sector.<\/p>\n<p>A partir del convenio, se estableci\u00f3 una pauta del 4% mensual en los precios de la nafta y el gasoil desde el 15 de abril hasta el 15 de agosto que fue firmado por las principales empresas del sector: YPF, PAE (por la marca Axion), Ra\u00edzen (Shell) y Trafigura (Puma).<\/p>\n<p>Si se aplica ese porcentaje de suba, el litro de s\u00faper en las estaciones de servicio\u00a0\u00a0<b>YPF de Mendoza superar\u00e1 los $216<\/b>, ya que hasta este momento se comercializa a $208,10 .<\/p>\n<p>Luego de la firma del acuerdo, la secretaria de Energ\u00eda,<b>\u00a0Flavia Roy\u00f3n<\/b>\u00a0destac\u00f3:<strong><em> \u00abEntendemos que esto requiere esfuerzo de las empresas, el Estado ya est\u00e1 haciendo un esfuerzo de manera de contener los precios y anclar la expectativa inflacionaria para que esto no tenga un efecto en los precios y en el bolsillo de la gente\u00bb.<\/em><\/strong><\/p>\n<div class=\"zone zone_interp\"><\/div>\n<\/div>\n","protected":false},"excerpt":{"rendered":"<p>Las petroleras subir\u00e1n 4% los precios, seg\u00fan acordaron con el gobierno en el marco del programa Precios Justos. Con el ajuste, &#8230;<\/p>\n","protected":false},"author":7,"featured_media":12170,"comment_status":"open","ping_status":"open","sticky":false,"template":"","format":"standard","meta":{"footnotes":""},"categories":[5,169],"tags":[],"class_list":["post-123274","post","type-post","status-publish","format-standard","has-post-thumbnail","hentry","category-actualidad","category-aumentos"],"_links":{"self":[{"href":"https:\/\/vinasfm.com\/noticias\/wp-json\/wp\/v2\/posts\/123274","targetHints":{"allow":["GET"]}}],"collection":[{"href":"https:\/\/vinasfm.com\/noticias\/wp-json\/wp\/v2\/posts"}],"about":[{"href":"https:\/\/vinasfm.com\/noticias\/wp-json\/wp\/v2\/types\/post"}],"author":[{"embeddable":true,"href":"https:\/\/vinasfm.com\/noticias\/wp-json\/wp\/v2\/users\/7"}],"replies":[{"embeddable":true,"href":"https:\/\/vinasfm.com\/noticias\/wp-json\/wp\/v2\/comments?post=123274"}],"version-history":[{"count":1,"href":"https:\/\/vinasfm.com\/noticias\/wp-json\/wp\/v2\/posts\/123274\/revisions"}],"predecessor-version":[{"id":123279,"href":"https:\/\/vinasfm.com\/noticias\/wp-json\/wp\/v2\/posts\/123274\/revisions\/123279"}],"wp:featuredmedia":[{"embeddable":true,"href":"https:\/\/vinasfm.com\/noticias\/wp-json\/wp\/v2\/media\/12170"}],"wp:attachment":[{"href":"https:\/\/vinasfm.com\/noticias\/wp-json\/wp\/v2\/media?parent=123274"}],"wp:term":[{"taxonomy":"category","embeddable":true,"href":"https:\/\/vinasfm.com\/noticias\/wp-json\/wp\/v2\/categories?post=123274"},{"taxonomy":"post_tag","embeddable":true,"href":"https:\/\/vinasfm.com\/noticias\/wp-json\/wp\/v2\/tags?post=123274"}],"curies":[{"name":"wp","href":"https:\/\/api.w.org\/{rel}","templated":true}]}}