{"id":123146,"date":"2023-06-09T09:06:46","date_gmt":"2023-06-09T12:06:46","guid":{"rendered":"https:\/\/vinasfm.com\/noticias\/?p=123146"},"modified":"2023-06-10T09:34:39","modified_gmt":"2023-06-10T12:34:39","slug":"gran-apoyo-ciudadano-en-el-cierre-de-campana-de-jorge-perez-y-walther-marcolini-en-general-alvear","status":"publish","type":"post","link":"https:\/\/vinasfm.com\/noticias\/gran-apoyo-ciudadano-en-el-cierre-de-campana-de-jorge-perez-y-walther-marcolini-en-general-alvear\/","title":{"rendered":"GRAN APOYO CIUDADANO EN EL CIERRE DE CAMPA\u00d1A DE JORGE P\u00c9REZ Y WALTHER MARCOLINI EN GENERAL ALVEAR"},"content":{"rendered":"<p><strong>En un evento pol\u00edtico lleno de entusiasmo y fervor c\u00edvico, m\u00e1s de 500 personas se congregaron en el cierre de campa\u00f1a de Jorge P\u00e9rez, precandidato a intendente de General Alvear, y Walther Marcolini, precandidato a senador provincial. <\/strong><\/p>\n<p>La masiva asistencia al acto, realizado en un c\u00e9ntrico punto de la ciudad, demostr\u00f3 el respaldo y la confianza que la comunidad deposita en ambos candidatos.<\/p>\n<p>Desde las primeras horas de la tarde, los seguidores y simpatizantes de P\u00e9rez y Marcolini se acercaron al sal\u00f3n del Club Sport Pac\u00edfico, portando banderas, pancartas y entonando c\u00e1nticos en apoyo a los candidatos. El ambiente se llen\u00f3 de energ\u00eda y emoci\u00f3n, reflejando la importancia que esta elecci\u00f3n tiene para los habitantes de General Alvear.<\/p>\n<p><a href=\"https:\/\/vinasfm.com\/noticias\/wp-content\/uploads\/2023\/06\/fc0d9002-a3f1-4a83-87ff-50e5f966cfda.jpg\"><img loading=\"lazy\" decoding=\"async\" class=\"wp-image-123149 aligncenter\" src=\"https:\/\/vinasfm.com\/noticias\/wp-content\/uploads\/2023\/06\/fc0d9002-a3f1-4a83-87ff-50e5f966cfda.jpg\" alt=\"\" width=\"500\" height=\"334\" srcset=\"https:\/\/vinasfm.com\/noticias\/wp-content\/uploads\/2023\/06\/fc0d9002-a3f1-4a83-87ff-50e5f966cfda.jpg 1350w, https:\/\/vinasfm.com\/noticias\/wp-content\/uploads\/2023\/06\/fc0d9002-a3f1-4a83-87ff-50e5f966cfda-300x200.jpg 300w, https:\/\/vinasfm.com\/noticias\/wp-content\/uploads\/2023\/06\/fc0d9002-a3f1-4a83-87ff-50e5f966cfda-1024x683.jpg 1024w, https:\/\/vinasfm.com\/noticias\/wp-content\/uploads\/2023\/06\/fc0d9002-a3f1-4a83-87ff-50e5f966cfda-768x513.jpg 768w\" sizes=\"auto, (max-width: 500px) 100vw, 500px\" \/><\/a><\/p>\n<p>En su discurso ante la multitud, Jorge P\u00e9rez agradeci\u00f3 el respaldo recibido y destac\u00f3 los logros alcanzados durante su gesti\u00f3n.<em><strong> \u00abSabemos que no hicimos todo, pero s\u00ed hicimos mucho en estos siete a\u00f1os y medio de gobierno. Tenemos la experiencia necesaria para administrar la cosa p\u00fablica y cuidar los intereses de los habitantes de General Alvear\u00bb<\/strong><\/em>, afirm\u00f3 P\u00e9rez, recibiendo aplausos y muestras de apoyo por parte de la audiencia.<\/p>\n<p><a href=\"https:\/\/vinasfm.com\/noticias\/wp-content\/uploads\/2023\/06\/db58fb87-974b-4370-a740-0b176e0c7b58.jpg\"><img loading=\"lazy\" decoding=\"async\" class=\"wp-image-123148 aligncenter\" src=\"https:\/\/vinasfm.com\/noticias\/wp-content\/uploads\/2023\/06\/db58fb87-974b-4370-a740-0b176e0c7b58.jpg\" alt=\"\" width=\"500\" height=\"334\" srcset=\"https:\/\/vinasfm.com\/noticias\/wp-content\/uploads\/2023\/06\/db58fb87-974b-4370-a740-0b176e0c7b58.jpg 1350w, https:\/\/vinasfm.com\/noticias\/wp-content\/uploads\/2023\/06\/db58fb87-974b-4370-a740-0b176e0c7b58-300x200.jpg 300w, https:\/\/vinasfm.com\/noticias\/wp-content\/uploads\/2023\/06\/db58fb87-974b-4370-a740-0b176e0c7b58-1024x683.jpg 1024w, https:\/\/vinasfm.com\/noticias\/wp-content\/uploads\/2023\/06\/db58fb87-974b-4370-a740-0b176e0c7b58-768x513.jpg 768w\" sizes=\"auto, (max-width: 500px) 100vw, 500px\" \/><\/a><\/p>\n<p>Por su parte, Walther Marcolini hizo hincapi\u00e9 en la importancia de trabajar en conjunto para el progreso de la provincia y prometi\u00f3 llevar las necesidades de General Alvear al Senado provincial. <em><strong>\u00abNuestro compromiso es luchar incansablemente por el bienestar de todos los alvearenses. Trabajaremos en equipo para construir un futuro pr\u00f3spero y equitativo\u00bb<\/strong><\/em>, expres\u00f3 Marcolini, generando entusiasmo entre los presentes.<\/p>\n<p>El acto culmin\u00f3 con un clima de camarader\u00eda y un sentimiento de unidad entre los asistentes. Las m\u00e1s de 500 personas que se hicieron presentes en el cierre de campa\u00f1a de Jorge P\u00e9rez y Walther Marcolini reflejaron el respaldo y la confianza de la comunidad, que espera que estos candidatos contin\u00faen trabajando en beneficio de General Alvear y su gente.<\/p>\n<p><a href=\"https:\/\/vinasfm.com\/noticias\/wp-content\/uploads\/2023\/06\/4ba27784-745a-41ea-a2bf-a11b591e4d1e.jpg\"><img loading=\"lazy\" decoding=\"async\" class=\"alignnone wp-image-123151\" src=\"https:\/\/vinasfm.com\/noticias\/wp-content\/uploads\/2023\/06\/4ba27784-745a-41ea-a2bf-a11b591e4d1e.jpg\" alt=\"\" width=\"350\" height=\"197\" srcset=\"https:\/\/vinasfm.com\/noticias\/wp-content\/uploads\/2023\/06\/4ba27784-745a-41ea-a2bf-a11b591e4d1e.jpg 1024w, https:\/\/vinasfm.com\/noticias\/wp-content\/uploads\/2023\/06\/4ba27784-745a-41ea-a2bf-a11b591e4d1e-300x169.jpg 300w, https:\/\/vinasfm.com\/noticias\/wp-content\/uploads\/2023\/06\/4ba27784-745a-41ea-a2bf-a11b591e4d1e-768x432.jpg 768w, https:\/\/vinasfm.com\/noticias\/wp-content\/uploads\/2023\/06\/4ba27784-745a-41ea-a2bf-a11b591e4d1e-750x420.jpg 750w\" sizes=\"auto, (max-width: 350px) 100vw, 350px\" \/><\/a> <a href=\"https:\/\/vinasfm.com\/noticias\/wp-content\/uploads\/2023\/06\/WhatsApp-Image-2023-06-09-at-00.43.46.jpeg\"><img loading=\"lazy\" decoding=\"async\" class=\"alignnone wp-image-123152\" src=\"https:\/\/vinasfm.com\/noticias\/wp-content\/uploads\/2023\/06\/WhatsApp-Image-2023-06-09-at-00.43.46.jpeg\" alt=\"\" width=\"292\" height=\"195\" srcset=\"https:\/\/vinasfm.com\/noticias\/wp-content\/uploads\/2023\/06\/WhatsApp-Image-2023-06-09-at-00.43.46.jpeg 1350w, https:\/\/vinasfm.com\/noticias\/wp-content\/uploads\/2023\/06\/WhatsApp-Image-2023-06-09-at-00.43.46-300x200.jpeg 300w, https:\/\/vinasfm.com\/noticias\/wp-content\/uploads\/2023\/06\/WhatsApp-Image-2023-06-09-at-00.43.46-1024x683.jpeg 1024w, https:\/\/vinasfm.com\/noticias\/wp-content\/uploads\/2023\/06\/WhatsApp-Image-2023-06-09-at-00.43.46-768x513.jpeg 768w\" sizes=\"auto, (max-width: 292px) 100vw, 292px\" \/><\/a><\/p>\n","protected":false},"excerpt":{"rendered":"<p>En un evento pol\u00edtico lleno de entusiasmo y fervor c\u00edvico, m\u00e1s de 500 personas se congregaron en el cierre de campa\u00f1a &#8230;<\/p>\n","protected":false},"author":7,"featured_media":123150,"comment_status":"open","ping_status":"open","sticky":false,"template":"","format":"standard","meta":{"footnotes":""},"categories":[5,7],"tags":[],"class_list":["post-123146","post","type-post","status-publish","format-standard","has-post-thumbnail","hentry","category-actualidad","category-politica"],"_links":{"self":[{"href":"https:\/\/vinasfm.com\/noticias\/wp-json\/wp\/v2\/posts\/123146","targetHints":{"allow":["GET"]}}],"collection":[{"href":"https:\/\/vinasfm.com\/noticias\/wp-json\/wp\/v2\/posts"}],"about":[{"href":"https:\/\/vinasfm.com\/noticias\/wp-json\/wp\/v2\/types\/post"}],"author":[{"embeddable":true,"href":"https:\/\/vinasfm.com\/noticias\/wp-json\/wp\/v2\/users\/7"}],"replies":[{"embeddable":true,"href":"https:\/\/vinasfm.com\/noticias\/wp-json\/wp\/v2\/comments?post=123146"}],"version-history":[{"count":1,"href":"https:\/\/vinasfm.com\/noticias\/wp-json\/wp\/v2\/posts\/123146\/revisions"}],"predecessor-version":[{"id":123153,"href":"https:\/\/vinasfm.com\/noticias\/wp-json\/wp\/v2\/posts\/123146\/revisions\/123153"}],"wp:featuredmedia":[{"embeddable":true,"href":"https:\/\/vinasfm.com\/noticias\/wp-json\/wp\/v2\/media\/123150"}],"wp:attachment":[{"href":"https:\/\/vinasfm.com\/noticias\/wp-json\/wp\/v2\/media?parent=123146"}],"wp:term":[{"taxonomy":"category","embeddable":true,"href":"https:\/\/vinasfm.com\/noticias\/wp-json\/wp\/v2\/categories?post=123146"},{"taxonomy":"post_tag","embeddable":true,"href":"https:\/\/vinasfm.com\/noticias\/wp-json\/wp\/v2\/tags?post=123146"}],"curies":[{"name":"wp","href":"https:\/\/api.w.org\/{rel}","templated":true}]}}