{"id":123140,"date":"2023-06-09T08:43:59","date_gmt":"2023-06-09T11:43:59","guid":{"rendered":"https:\/\/vinasfm.com\/noticias\/?p=123140"},"modified":"2023-06-10T09:28:01","modified_gmt":"2023-06-10T12:28:01","slug":"que-pasa-si-no-voto-en-las-elecciones-en-mendoza-2023","status":"publish","type":"post","link":"https:\/\/vinasfm.com\/noticias\/que-pasa-si-no-voto-en-las-elecciones-en-mendoza-2023\/","title":{"rendered":"QU\u00c9 PASA SI NO VOTO EN LAS ELECCIONES EN MENDOZA 2023"},"content":{"rendered":"<p class=\"com-subhead --bajada --m-xs-\"><strong>Los ciudadanos que por alg\u00fan motivo no asistan a votar deber\u00e1n justificar su ausencia; cu\u00e1l es la multa para quienes no emitan el sufragio y qu\u00e9 grupos est\u00e1n exentos de hacerlo<\/strong><\/p>\n<p class=\"com-paragraph --capital --s\">Este <strong>domingo 11 de junio<\/strong>\u00a0se celebrar\u00e1n las\u00a0<strong>PASO en Mendoza<\/strong>\u00a0y todos los ciudadanos habilitados para votar tendr\u00e1n que asistir a las urnas para cumplir con su deber c\u00edvico o, en caso de no hacerlo, justificar su ausencia ante la Justicia Electoral.<\/p>\n<p class=\"com-paragraph --s\">Todos los mendocinos que figuren en el padr\u00f3n definitivo, deber\u00e1n presentarse en el lugar de votaci\u00f3n que les corresponda y emitir el sufragio que, en esta ocasi\u00f3n, se har\u00e1 mediante el sistema de\u00a0<strong>boleta \u00fanica de papel<\/strong>.<\/p>\n<p class=\"com-paragraph --s\">Quienes deseen conocer con anticipaci\u00f3n el lugar donde votan, podr\u00e1n consultar el padr\u00f3n que provee el gobierno mendocino para conocer el nombre y direcci\u00f3n del establecimiento al que debe acercarse cada elector, y su n\u00famero de mesa y orden.<\/p>\n<h2 class=\"com-title --font-primary --xl --font-extra\">Cu\u00e1l es la sanci\u00f3n para quienes no vayan a votar en la elecci\u00f3n de Mendoza<\/h2>\n<p class=\"com-paragraph --s\">La no emisi\u00f3n del voto en Mendoza tiene como consecuencia una\u00a0<strong>sanci\u00f3n econ\u00f3mica<\/strong>\u00a0y una pena censora, a excepci\u00f3n de los casos en que el ciudadano pueda\u00a0<strong>justificar su ausencia<\/strong>\u00a0a las urnas por alguno de los motivos contemplados en el C\u00f3digo Electoral mendocino.<\/p>\n<p class=\"com-paragraph --s\"><a class=\"com-link\" title=\"El art\u00edculo 112\" href=\"https:\/\/www.mendoza.gov.ar\/elecciones\/ley-electoral-de-la-provincia\/\" target=\"_blank\" rel=\"nofollow noopener\" data-reactroot=\"\">El art\u00edculo 112<\/a>\u00a0de dicho c\u00f3digo define las penas y multas en los casos en que se haya incumplido con la obligaci\u00f3n de votar. <em><strong>\u201cEl elector que, sin causa leg\u00edtima, dejase de emitir su voto en cualquier elecci\u00f3n efectuada en el distrito donde se encuentre inscripto, ser\u00e1 penado con la publicaci\u00f3n de su nombre por la junta electoral, como censura por haber dejado de cumplir su deber electoral; y con una\u00a0multa de 100 pesos\u201d, se puede leer en la normativa, y a\u00f1aden que, en caso de reincidencia, la multa ser\u00e1 \u201cdel doble de la que se le haya impuesto por la infracci\u00f3n anterior\u201d.<\/strong><\/em><\/p>\n<p class=\"com-paragraph --s\">De acuerdo al art\u00edculo 113 del C\u00f3digo Electoral mendocino, si el ciudadano no asisti\u00f3 a las urnas por residir a\u00a0<strong>m\u00e1s de 500 kil\u00f3metros<\/strong>\u00a0de su lugar de votaci\u00f3n, encontrarse\u00a0<strong>enfermo<\/strong>\u00a0o tener otro\u00a0<strong>impedimento leg\u00edtimo<\/strong>, no recibir\u00e1 la pena estipulada por la ley. Sin embargo, deber\u00e1 tener debidamente comprobado el motivo ante el juez o la autoridad competente.<\/p>\n<h2 class=\"com-title --font-primary --xl --font-extra\">Qui\u00e9nes est\u00e1n exentos de votar en Mendoza<\/h2>\n<p class=\"com-paragraph --s\">De acuerdo al C\u00f3digo Electoral de Mendoza, las personas que quedan exentas de la obligaci\u00f3n de sufragar en las elecciones provinciales son las siguientes:<\/p>\n<ul class=\"com-unordered\">\n<li class=\"com-item\">Los electores mayores de 70 a\u00f1os.<\/li>\n<li class=\"com-item\">Los jueces y sus auxiliares y todos los funcionarios p\u00fablicos que deban asistir a sus oficinas y tenerlas abiertas durante las horas de la elecci\u00f3n.<\/li>\n<li class=\"com-item\">Los que el d\u00eda de la elecci\u00f3n se encuentren a m\u00e1s de 500 kil\u00f3metros de la mesa en que les corresponda votar.<\/li>\n<li class=\"com-item\">Los que estuvieren enfermos o imposibilitados f\u00edsicamente, o que, por razones de fuerza mayor debidamente comprobadas, est\u00e9n impedidos de concurrir a los comicios.<\/li>\n<\/ul>\n<h2 class=\"com-title --font-primary --xl --font-extra\">Qu\u00e9 se vota en las elecciones 2023 de Mendoza<\/h2>\n<p class=\"com-paragraph --s\">En\u00a0<strong>Mendoza<\/strong>, los ciudadanos habilitados para votar tendr\u00e1n que elegir a sus representantes\u00a0<a class=\"com-link\" title=\"en dos instancias de votaci\u00f3n:\" href=\"https:\/\/www.mendoza.gov.ar\/prensa\/elecciones-provinciales-p-a-s-o-2023-que-se-elige\/\" target=\"_blank\" rel=\"nofollow noopener\" data-reactroot=\"\">en dos instancias de votaci\u00f3n:<\/a>\u00a0las\u00a0<strong>PASO<\/strong>, que se llevar\u00e1n a cabo este 11 de junio; y las\u00a0<strong>generales<\/strong>, el 24 de septiembre.<\/p>\n<p class=\"com-paragraph --s\">En la interna se definir\u00e1 qui\u00e9nes ser\u00e1n los candidatos en las\u00a0<strong>elecciones\u00a0<\/strong>de septiembre para los cargos de\u00a0<strong>gobernador y vicegobernador<\/strong>. Adem\u00e1s, se determinar\u00e1 la candidatura de seis\u00a0<strong>senadores\u00a0<\/strong>provinciales titulares, ocho\u00a0<strong>diputados\u00a0<\/strong>provinciales titulares por la primera secci\u00f3n electoral, cinco\u00a0<strong>senadores\u00a0<\/strong>provinciales titulares, seis\u00a0<strong>diputados\u00a0<\/strong>provinciales titulares por la segunda secci\u00f3n electoral, cuatro\u00a0<strong>senadores<\/strong>\u00a0provinciales titulares, cinco\u00a0<strong>diputados\u00a0<\/strong>provinciales titulares por la tercera secci\u00f3n electoral, cuatro\u00a0<strong>senadores\u00a0<\/strong>provinciales titulares y cinco\u00a0<strong>diputados\u00a0<\/strong>provinciales titulares por la cuarta secci\u00f3n electoral.<\/p>\n","protected":false},"excerpt":{"rendered":"<p>Los ciudadanos que por alg\u00fan motivo no asistan a votar deber\u00e1n justificar su ausencia; cu\u00e1l es la multa para quienes no &#8230;<\/p>\n","protected":false},"author":7,"featured_media":123142,"comment_status":"open","ping_status":"open","sticky":false,"template":"","format":"standard","meta":{"footnotes":""},"categories":[5,23],"tags":[],"class_list":["post-123140","post","type-post","status-publish","format-standard","has-post-thumbnail","hentry","category-actualidad","category-elecciones"],"_links":{"self":[{"href":"https:\/\/vinasfm.com\/noticias\/wp-json\/wp\/v2\/posts\/123140","targetHints":{"allow":["GET"]}}],"collection":[{"href":"https:\/\/vinasfm.com\/noticias\/wp-json\/wp\/v2\/posts"}],"about":[{"href":"https:\/\/vinasfm.com\/noticias\/wp-json\/wp\/v2\/types\/post"}],"author":[{"embeddable":true,"href":"https:\/\/vinasfm.com\/noticias\/wp-json\/wp\/v2\/users\/7"}],"replies":[{"embeddable":true,"href":"https:\/\/vinasfm.com\/noticias\/wp-json\/wp\/v2\/comments?post=123140"}],"version-history":[{"count":1,"href":"https:\/\/vinasfm.com\/noticias\/wp-json\/wp\/v2\/posts\/123140\/revisions"}],"predecessor-version":[{"id":123143,"href":"https:\/\/vinasfm.com\/noticias\/wp-json\/wp\/v2\/posts\/123140\/revisions\/123143"}],"wp:featuredmedia":[{"embeddable":true,"href":"https:\/\/vinasfm.com\/noticias\/wp-json\/wp\/v2\/media\/123142"}],"wp:attachment":[{"href":"https:\/\/vinasfm.com\/noticias\/wp-json\/wp\/v2\/media?parent=123140"}],"wp:term":[{"taxonomy":"category","embeddable":true,"href":"https:\/\/vinasfm.com\/noticias\/wp-json\/wp\/v2\/categories?post=123140"},{"taxonomy":"post_tag","embeddable":true,"href":"https:\/\/vinasfm.com\/noticias\/wp-json\/wp\/v2\/tags?post=123140"}],"curies":[{"name":"wp","href":"https:\/\/api.w.org\/{rel}","templated":true}]}}