{"id":123125,"date":"2023-06-08T23:26:11","date_gmt":"2023-06-09T02:26:11","guid":{"rendered":"https:\/\/vinasfm.com\/noticias\/?p=123125"},"modified":"2023-06-09T12:13:21","modified_gmt":"2023-06-09T15:13:21","slug":"carlos-ponce-y-luis-petri-cerraron-la-campana-electoral-ambos-unidos-por-un-mismo-objetivo","status":"publish","type":"post","link":"https:\/\/vinasfm.com\/noticias\/carlos-ponce-y-luis-petri-cerraron-la-campana-electoral-ambos-unidos-por-un-mismo-objetivo\/","title":{"rendered":"CARLOS PONCE Y LUIS PETRI CERRARON LA CAMPA\u00d1A ELECTORAL, AMBOS UNIDOS POR UN MISMO OBJETIVO"},"content":{"rendered":"<h4><strong>Unidad entre el norte y el sur, enfoc\u00e1ndose en el desarrollo del sur para generar trabajo, oportunidades y crecimiento en toda la provincia de Mendoza, y abordando problemas como el empleo y la inseguridad, esto encabeza las principales prioridades y proyectos en la lista que tiene como pre candidato a Gobernador, Luis Petri y el pre candidato a Intendente Carlos Ponce\u00a0<\/strong><\/h4>\n<p>El mi\u00e9rcoles pasado <em><strong><span style=\"color: #3366ff;\">Luis Petri<\/span><\/strong><\/em> cerr\u00f3 su campa\u00f1a electoral previo a las elecciones que se desarrollaran el pr\u00f3ximo 11 de junio en la provincia de Mendoza, algunas de sus palabras destacaron la uni\u00f3n que quieren formar entre el norte y sur de la provincia &#8216;<strong>Una <\/strong><em><strong>se\u00f1al respecto de lo que va a ser nuestra futura gesti\u00f3n, nosotros queremos una Mendoza integrada entre el norte y el sur, porque amo Mendoza, porque lo hago desde el Llano, porque lo hago de pie, porque tengo condiciones porque quiero transformar la provincia, quiero ayudar a resolver los principales problemas que est\u00e1n en pausa desde hace much\u00edsimo tiempo&#8217;<\/strong><\/em><\/p>\n<p>Asimismo <em><strong><span style=\"color: #3366ff;\">Carlos Ponce<\/span><\/strong><\/em> agrego a su discurso final <em><strong>&#8216;ya hemos hablado de nuestros objetivos, de nuestros ejes de gesti\u00f3n, crecimiento productivo y dem\u00e1s, desde lo personal es mi primera vez como pre candidato a intendente, esto me ha llevado a fortalecer\u00a0 instancias, por un lado los conceptos, aprender lo que no se debe hacer y pensar, en esta instancia cabe destacar que sent\u00ed mucho apoyo, se el esfuerzo y dedicaci\u00f3n que hizo todo el equipo durante este tiempo, yo provengo del trabajo\u00a0 y el esfuerzo, por eso es importante ponerlo en valor&#8217;<\/strong><\/em><\/p>\n<h6><span style=\"color: #339966;\">Lucero, L.<\/span><\/h6>\n","protected":false},"excerpt":{"rendered":"<p>Unidad entre el norte y el sur, enfoc\u00e1ndose en el desarrollo del sur para generar trabajo, oportunidades y crecimiento en toda &#8230;<\/p>\n","protected":false},"author":7,"featured_media":123138,"comment_status":"open","ping_status":"open","sticky":false,"template":"","format":"standard","meta":{"footnotes":""},"categories":[5,7],"tags":[],"class_list":["post-123125","post","type-post","status-publish","format-standard","has-post-thumbnail","hentry","category-actualidad","category-politica"],"_links":{"self":[{"href":"https:\/\/vinasfm.com\/noticias\/wp-json\/wp\/v2\/posts\/123125","targetHints":{"allow":["GET"]}}],"collection":[{"href":"https:\/\/vinasfm.com\/noticias\/wp-json\/wp\/v2\/posts"}],"about":[{"href":"https:\/\/vinasfm.com\/noticias\/wp-json\/wp\/v2\/types\/post"}],"author":[{"embeddable":true,"href":"https:\/\/vinasfm.com\/noticias\/wp-json\/wp\/v2\/users\/7"}],"replies":[{"embeddable":true,"href":"https:\/\/vinasfm.com\/noticias\/wp-json\/wp\/v2\/comments?post=123125"}],"version-history":[{"count":3,"href":"https:\/\/vinasfm.com\/noticias\/wp-json\/wp\/v2\/posts\/123125\/revisions"}],"predecessor-version":[{"id":123167,"href":"https:\/\/vinasfm.com\/noticias\/wp-json\/wp\/v2\/posts\/123125\/revisions\/123167"}],"wp:featuredmedia":[{"embeddable":true,"href":"https:\/\/vinasfm.com\/noticias\/wp-json\/wp\/v2\/media\/123138"}],"wp:attachment":[{"href":"https:\/\/vinasfm.com\/noticias\/wp-json\/wp\/v2\/media?parent=123125"}],"wp:term":[{"taxonomy":"category","embeddable":true,"href":"https:\/\/vinasfm.com\/noticias\/wp-json\/wp\/v2\/categories?post=123125"},{"taxonomy":"post_tag","embeddable":true,"href":"https:\/\/vinasfm.com\/noticias\/wp-json\/wp\/v2\/tags?post=123125"}],"curies":[{"name":"wp","href":"https:\/\/api.w.org\/{rel}","templated":true}]}}