{"id":123104,"date":"2023-06-08T18:57:11","date_gmt":"2023-06-08T21:57:11","guid":{"rendered":"https:\/\/vinasfm.com\/noticias\/?p=123104"},"modified":"2023-06-08T18:57:11","modified_gmt":"2023-06-08T21:57:11","slug":"la-formula-peronista-parisi-ilardo-cierra-su-campana-con-una-caravana-de-la-vivienda","status":"publish","type":"post","link":"https:\/\/vinasfm.com\/noticias\/la-formula-peronista-parisi-ilardo-cierra-su-campana-con-una-caravana-de-la-vivienda\/","title":{"rendered":"LA F\u00d3RMULA PERONISTA PARISI &#8211; ILARDO CIERRA SU CAMPA\u00d1A CON UNA \u00abCARAVANA DE LA VIVIENDA\u00bb"},"content":{"rendered":"<p><strong>La construcci\u00f3n de casas es el eje principal de su programa de gobierno, por lo que los candidatos decidieron llevar su propuesta a distintos barrios del Gran Mendoza. Habr\u00e1 un masivo acto en Guaymall\u00e9n.<\/strong><\/p>\n<p>La \u00abCaravana de la Vivienda\u00bb recorri\u00f3 este jueves el Gran Mendoza como parte de la \u00faltima acci\u00f3n de campa\u00f1a de la f\u00f3rmula para la gobernaci\u00f3n que componen Omar Parisi y Lucas Ilardo, representando al peronismo en la lista 502 C. Los candidatos focalizaron su proyecto de gesti\u00f3n en la construcci\u00f3n de viviendas como parte de un programa para realizar un shock econ\u00f3mico en la provincia y generar trabajo de calidad. Esta noche habr\u00e1 un masivo acto en la sede del Partido Justicialista de Guaymall\u00e9n, ubicado en calles Bandera de los Andes y F\u00e9lix Suarez.<\/p>\n<p>El periplo de la \u00abCaravana de la Vivienda\u00bb, compuesta por veh\u00edculos t\u00edpicos de la construcci\u00f3n y acompa\u00f1ada por cientos de vecinos, arranc\u00f3 muy temprano en la triple frontera que une Maip\u00fa, Luj\u00e1n de Cuyo y Godoy Cruz. Hasta ah\u00ed concurrieron los candidatos a la gobernaci\u00f3n acompa\u00f1ados por la senadora nacional Anabel Fern\u00e1ndez Sagasti; Paloma Scalco, concejal de Luj\u00e1n y candidata a la intendencia. Tambi\u00e9n dijo presente Dar\u00edo Sanfilippo, aspirante a jefe comunal de Godoy Cruz.<\/p>\n<p>El convoy tom\u00f3 rumbo noroeste y tras recorrer Godoy Cruz lleg\u00f3 al barrio La Estanzuela, donde fue recibida por un nutrido n\u00famero de personas.<strong><em> \u00abVine porque en mi casa somos 8 y no podemos alquilar en otro lugar, est\u00e1 imposible. No pierdo la esperanza de alg\u00fan d\u00eda tener mi casa propia\u00bb<\/em><\/strong>, coment\u00f3 Norma, vecina de la zona.<\/p>\n<p><a href=\"https:\/\/vinasfm.com\/noticias\/wp-content\/uploads\/2023\/06\/5d15e52b-290f-4ac4-b994-3772cbf89201.jpg\"><img loading=\"lazy\" decoding=\"async\" class=\"wp-image-123105 aligncenter\" src=\"https:\/\/vinasfm.com\/noticias\/wp-content\/uploads\/2023\/06\/5d15e52b-290f-4ac4-b994-3772cbf89201.jpg\" alt=\"\" width=\"500\" height=\"334\" srcset=\"https:\/\/vinasfm.com\/noticias\/wp-content\/uploads\/2023\/06\/5d15e52b-290f-4ac4-b994-3772cbf89201.jpg 1504w, https:\/\/vinasfm.com\/noticias\/wp-content\/uploads\/2023\/06\/5d15e52b-290f-4ac4-b994-3772cbf89201-300x200.jpg 300w, https:\/\/vinasfm.com\/noticias\/wp-content\/uploads\/2023\/06\/5d15e52b-290f-4ac4-b994-3772cbf89201-1024x684.jpg 1024w, https:\/\/vinasfm.com\/noticias\/wp-content\/uploads\/2023\/06\/5d15e52b-290f-4ac4-b994-3772cbf89201-768x513.jpg 768w\" sizes=\"auto, (max-width: 500px) 100vw, 500px\" \/><\/a><\/p>\n<p>Luego, la caravana se dirigi\u00f3 a Villa Hip\u00f3dromo tras cruzar Villa Marini y barrios como el Suarez y el CEC. All\u00ed tambi\u00e9n se congregaron vecinos y militantes para apoyar el proyecto pol\u00edtico del peronismo.<strong><em> \u00abLos que dicen que es imposible construir 16.000 casas en 4 a\u00f1os es porque no quieren trabajar o no saben c\u00f3mo hacerlo. Nosotros vamos a ser la gesti\u00f3n que m\u00e1s casas construya en las \u00faltimas d\u00e9cadas\u00bb<\/em><\/strong>, les coment\u00f3 Omar Parisi.<\/p>\n<p>Acto seguido la #CaravanaDeLaConstrucci\u00f3n, como se la conoce en rede sociales, cruz\u00f3 el puente San Vicente hacia el Parque San Mart\u00edn y luego arrib\u00f3 al barrio La Favorita, hist\u00f3rico basti\u00f3n del peronismo en la capital mendocina, donde se sum\u00f3 la candidata a intendenta Gisela Lamberti. <strong><em>\u00abEn tiempos de crisis Mendoza necesita peronismo. Necesita de una buena persona en la gesti\u00f3n como Omar Parisi, que tenga conciencia de c\u00f3mo la est\u00e1 pasando la gente y no gobierne para las 4 manzanas alrededor del Parque C\u00edvico\u00bb<\/em><\/strong>, indic\u00f3 all\u00ed Ilardo.<\/p>\n<p>Cerca del mediod\u00eda los candidatos llegaron al club La Cumbre, en el barrio Infanta, y luego se dirigieron por Boulogne Sur Mer al barrio San Mart\u00edn. All\u00ed realizaron una parada para almorzar con los vecinos de la zona antes de seguir viaje.<\/p>\n<p>Por la tarde Parisi, Ilardo y la \u00abCaravana de la Vivienda\u00bb se introducir\u00e1 definitivamente en Las Heras, donde la Plaza 8 de Mayo ser\u00e1 su destino. En ese lugar se realizar\u00e1 una \u00abPlaza de Servicios\u00bb donde los equipos de gesti\u00f3n del peronismo brindar\u00e1n informaci\u00f3n a la ciudadan\u00eda sobre los proyectos que tienen para la Mendoza que se viene.<\/p>\n<p>Finalmente, el convoy pasar\u00e1 por El Algarrobal y llegar\u00e1 a Guaymall\u00e9n. Luego de paradas en el barrio Lihue y la plaza Montevideo de Pedro Molina llegar\u00e1n al PJ de ese departamento, donde a partir de las 19 horas se realizar\u00e1 el acto de cierre de campa\u00f1a.<\/p>\n","protected":false},"excerpt":{"rendered":"<p>La construcci\u00f3n de casas es el eje principal de su programa de gobierno, por lo que los candidatos decidieron llevar su &#8230;<\/p>\n","protected":false},"author":7,"featured_media":123105,"comment_status":"open","ping_status":"open","sticky":false,"template":"","format":"standard","meta":{"footnotes":""},"categories":[1],"tags":[],"class_list":["post-123104","post","type-post","status-publish","format-standard","has-post-thumbnail","hentry","category-fmvinas"],"_links":{"self":[{"href":"https:\/\/vinasfm.com\/noticias\/wp-json\/wp\/v2\/posts\/123104","targetHints":{"allow":["GET"]}}],"collection":[{"href":"https:\/\/vinasfm.com\/noticias\/wp-json\/wp\/v2\/posts"}],"about":[{"href":"https:\/\/vinasfm.com\/noticias\/wp-json\/wp\/v2\/types\/post"}],"author":[{"embeddable":true,"href":"https:\/\/vinasfm.com\/noticias\/wp-json\/wp\/v2\/users\/7"}],"replies":[{"embeddable":true,"href":"https:\/\/vinasfm.com\/noticias\/wp-json\/wp\/v2\/comments?post=123104"}],"version-history":[{"count":1,"href":"https:\/\/vinasfm.com\/noticias\/wp-json\/wp\/v2\/posts\/123104\/revisions"}],"predecessor-version":[{"id":123107,"href":"https:\/\/vinasfm.com\/noticias\/wp-json\/wp\/v2\/posts\/123104\/revisions\/123107"}],"wp:featuredmedia":[{"embeddable":true,"href":"https:\/\/vinasfm.com\/noticias\/wp-json\/wp\/v2\/media\/123105"}],"wp:attachment":[{"href":"https:\/\/vinasfm.com\/noticias\/wp-json\/wp\/v2\/media?parent=123104"}],"wp:term":[{"taxonomy":"category","embeddable":true,"href":"https:\/\/vinasfm.com\/noticias\/wp-json\/wp\/v2\/categories?post=123104"},{"taxonomy":"post_tag","embeddable":true,"href":"https:\/\/vinasfm.com\/noticias\/wp-json\/wp\/v2\/tags?post=123104"}],"curies":[{"name":"wp","href":"https:\/\/api.w.org\/{rel}","templated":true}]}}