{"id":123101,"date":"2023-06-08T19:01:17","date_gmt":"2023-06-08T22:01:17","guid":{"rendered":"https:\/\/vinasfm.com\/noticias\/?p=123101"},"modified":"2023-06-08T22:05:00","modified_gmt":"2023-06-09T01:05:00","slug":"de-marchi-en-mendoza-el-sueno-de-la-casa-propia-se-transformo-en-una-gran-pesadilla","status":"publish","type":"post","link":"https:\/\/vinasfm.com\/noticias\/de-marchi-en-mendoza-el-sueno-de-la-casa-propia-se-transformo-en-una-gran-pesadilla\/","title":{"rendered":"DE MARCHI: \u201cEN MENDOZA EL SUE\u00d1O DE LA CASA PROPIA SE TRANSFORM\u00d3 EN UNA GRAN PESADILLA\u201d"},"content":{"rendered":"<p><strong>El precandidato a Gobernador por La Uni\u00f3n Mendocina, Omar De Marchi, sostuvo que en Mendoza #TenemosQueHablar de la casa propia.<\/strong><\/p>\n<p>Durante este mi\u00e9rcoles, De Marchi se reuni\u00f3 y escuch\u00f3 a distintos mendocinos que padecen las dificultades de alquilar. Desde j\u00f3venes que buscan la independencia y poder alquilar; familias que viven en asentamientos, hasta jubilados que nunca pudieron acceder a su casa propia y afrontan la tit\u00e1nica tarea de sostener un alquiler mensual.<\/p>\n<p><em><strong>\u201cNuestra provincia tiene un d\u00e9ficit habitacional inaceptable. Tenemos que priorizar dentro del presupuesto la inversi\u00f3n en programas de vivienda. Tenemos a miles de mendocinos viviendo en condiciones indignas\u201d<\/strong><\/em>, explic\u00f3 Omar De Marchi.<\/p>\n<p>Adem\u00e1s el precandidato a Gobernador por La Uni\u00f3n Mendocina ejemplific\u00f3 \u201c<strong><em>no hay soluciones m\u00e1gicas al respecto. Lo que existe es la decisi\u00f3n de un Gobierno en priorizar el bienestar de las familias, tal como hicimos nosotros en Luj\u00e1n De Cuyo. All\u00ed gestionamos desde el municipio para que 700 familias del Bajo Luj\u00e1n hoy puedan disfrutar de la casa propia\u201d.<\/em><\/strong><\/p>\n<p><a href=\"https:\/\/vinasfm.com\/noticias\/wp-content\/uploads\/2023\/06\/WhatsApp-Image-2023-06-08-at-18.58.26.jpeg\"><img loading=\"lazy\" decoding=\"async\" class=\"size-full wp-image-123108 aligncenter\" src=\"https:\/\/vinasfm.com\/noticias\/wp-content\/uploads\/2023\/06\/WhatsApp-Image-2023-06-08-at-18.58.26.jpeg\" alt=\"\" width=\"587\" height=\"327\" srcset=\"https:\/\/vinasfm.com\/noticias\/wp-content\/uploads\/2023\/06\/WhatsApp-Image-2023-06-08-at-18.58.26.jpeg 587w, https:\/\/vinasfm.com\/noticias\/wp-content\/uploads\/2023\/06\/WhatsApp-Image-2023-06-08-at-18.58.26-300x167.jpeg 300w, https:\/\/vinasfm.com\/noticias\/wp-content\/uploads\/2023\/06\/WhatsApp-Image-2023-06-08-at-18.58.26-360x200.jpeg 360w\" sizes=\"auto, (max-width: 587px) 100vw, 587px\" \/><\/a><\/p>\n<p>La agenda del mi\u00e9rcoles comenz\u00f3 en Carrodilla, donde De Marchi visit\u00f3 a Pilar, una joven Licenciada en Turismo, que logr\u00f3 el sue\u00f1o de la casa propia trabajando 10 a\u00f1os en el exterior.<\/p>\n<p>Luego, visit\u00f3 a una pareja de jubilados de Maip\u00fa. Ellos comentaron las dificultades de alquilar por m\u00e1s de 20 a\u00f1os, percibiendo el haber m\u00ednimo. Al elevado costo de vida, por efecto de la inflaci\u00f3n, se suman las dificultades de renovar el contrato con un 100% de aumento cada 2 o 3 a\u00f1os.<\/p>\n<p>En horas de la tarde, el precandidato a Gobernador tambi\u00e9n comparti\u00f3 un caf\u00e9 con j\u00f3venes en la Ciudad de Mendoza. Ellos como tantos otros, sienten que la provincia los expulsa, primero porque no consiguen empleos de calidad que les permitan acceder a un alquiler.<\/p>\n<p>Los j\u00f3venes tambi\u00e9n explicaron que no existe hoy la posibilidad o esperanza de poder ingresar a un programa de viviendas que les permita llegar al sue\u00f1o de la casa propia.<\/p>\n<p>Adem\u00e1s, De Marchi visit\u00f3 el Barrio La Favorita. All\u00ed, la falta de infraestructura b\u00e1sica (asfalto), servicios de calidad, cloacas, conectividad y transporte, son temas que no han encontrado soluci\u00f3n en a\u00f1os.<\/p>\n<p>Por \u00faltimo, el candidato visit\u00f3 a una familia que pudo acceder a su casa propia en el Barrio Procrear de Maip\u00fa. Manuela y Marcos hacen un esfuerzo muy grande para pagar la cuota todos los meses.<\/p>\n<p><strong><em>\u201cEn Mendoza, m\u00e1s de 21.000 familias viven en asentamientos. Lamentablemente ese n\u00famero se duplic\u00f3 entre 2010 y 2020. Por esto, es que desde la Uni\u00f3n Mendocina estamos trabajando para que cada persona pueda acceder al lugar que necesita para construir su futuro con libertad\u201d<\/em><\/strong>, concluy\u00f3 Omar De Marchi.<\/p>\n","protected":false},"excerpt":{"rendered":"<p>El precandidato a Gobernador por La Uni\u00f3n Mendocina, Omar De Marchi, sostuvo que en Mendoza #TenemosQueHablar de la casa propia. Durante &#8230;<\/p>\n","protected":false},"author":7,"featured_media":123109,"comment_status":"open","ping_status":"open","sticky":false,"template":"","format":"standard","meta":{"footnotes":""},"categories":[5,7],"tags":[],"class_list":["post-123101","post","type-post","status-publish","format-standard","has-post-thumbnail","hentry","category-actualidad","category-politica"],"_links":{"self":[{"href":"https:\/\/vinasfm.com\/noticias\/wp-json\/wp\/v2\/posts\/123101","targetHints":{"allow":["GET"]}}],"collection":[{"href":"https:\/\/vinasfm.com\/noticias\/wp-json\/wp\/v2\/posts"}],"about":[{"href":"https:\/\/vinasfm.com\/noticias\/wp-json\/wp\/v2\/types\/post"}],"author":[{"embeddable":true,"href":"https:\/\/vinasfm.com\/noticias\/wp-json\/wp\/v2\/users\/7"}],"replies":[{"embeddable":true,"href":"https:\/\/vinasfm.com\/noticias\/wp-json\/wp\/v2\/comments?post=123101"}],"version-history":[{"count":2,"href":"https:\/\/vinasfm.com\/noticias\/wp-json\/wp\/v2\/posts\/123101\/revisions"}],"predecessor-version":[{"id":123110,"href":"https:\/\/vinasfm.com\/noticias\/wp-json\/wp\/v2\/posts\/123101\/revisions\/123110"}],"wp:featuredmedia":[{"embeddable":true,"href":"https:\/\/vinasfm.com\/noticias\/wp-json\/wp\/v2\/media\/123109"}],"wp:attachment":[{"href":"https:\/\/vinasfm.com\/noticias\/wp-json\/wp\/v2\/media?parent=123101"}],"wp:term":[{"taxonomy":"category","embeddable":true,"href":"https:\/\/vinasfm.com\/noticias\/wp-json\/wp\/v2\/categories?post=123101"},{"taxonomy":"post_tag","embeddable":true,"href":"https:\/\/vinasfm.com\/noticias\/wp-json\/wp\/v2\/tags?post=123101"}],"curies":[{"name":"wp","href":"https:\/\/api.w.org\/{rel}","templated":true}]}}