{"id":123095,"date":"2023-06-08T12:42:20","date_gmt":"2023-06-08T15:42:20","guid":{"rendered":"https:\/\/vinasfm.com\/noticias\/?p=123095"},"modified":"2023-06-08T23:26:08","modified_gmt":"2023-06-09T02:26:08","slug":"la-fundacion-cecsagal-colaboro-con-apid-para-que-un-joven-pueda-tener-sus-anteojos","status":"publish","type":"post","link":"https:\/\/vinasfm.com\/noticias\/la-fundacion-cecsagal-colaboro-con-apid-para-que-un-joven-pueda-tener-sus-anteojos\/","title":{"rendered":"LA FUNDACI\u00d3N CECSAGAL COLABOR\u00d3 CON APID PARA QUE UN JOVEN PUEDA TENER SUS ANTEOJOS"},"content":{"rendered":"<p><strong>Fundaci\u00f3n Cecsagal entreg\u00f3 marcos de anteojos a APID, que ser\u00e1n destinados a colaborar con Miguel \u00c1ngel, un joven con distintas patolog\u00edas, entre ellas una disminuci\u00f3n visual que afecta su calidad de vida.<\/strong><\/p>\n<p>Seg\u00fan explic\u00f3 <span style=\"color: #0000ff;\"><strong>Andrea Beccar\u00eda<\/strong><\/span>, Directora de APID, a <strong><span style=\"color: #0000ff;\">Miguel \u00c1ngel<\/span><\/strong> se le realizaron distintos estudios que determinaron la necesidad de utilizar anteojos. Esto llev\u00f3 a los integrantes de APID a contactarse con la <strong><span style=\"color: #0000ff;\">Fundaci\u00f3n Cecsaga<\/span><\/strong>l, a sabiendas de las diversas tareas solidarias que realizan a diario.<\/p>\n<p><strong><em>\u201cAcudimos a la Fundaci\u00f3n Cecsagal, sabiendo que siempre colaboran con la comunidad. Quiero destacar que vinimos el mi\u00e9rcoles y el jueves ya nos hab\u00edan dado una soluci\u00f3n, por lo que estamos muy contentos por la celeridad\u201d<\/em><\/strong> indic\u00f3 Beccar\u00eda.<\/p>\n<p>Es destacar la tarea que realiza la Fundaci\u00f3n Cecsagal, colaborando con distintas instituciones con el objetivo de mejorar la calidad de vida de los vecinos de la regi\u00f3n.<\/p>\n","protected":false},"excerpt":{"rendered":"<p>Fundaci\u00f3n Cecsagal entreg\u00f3 marcos de anteojos a APID, que ser\u00e1n destinados a colaborar con Miguel \u00c1ngel, un joven con distintas patolog\u00edas, &#8230;<\/p>\n","protected":false},"author":7,"featured_media":123096,"comment_status":"open","ping_status":"open","sticky":false,"template":"","format":"standard","meta":{"footnotes":""},"categories":[5,10],"tags":[],"class_list":["post-123095","post","type-post","status-publish","format-standard","has-post-thumbnail","hentry","category-actualidad","category-destacadas"],"_links":{"self":[{"href":"https:\/\/vinasfm.com\/noticias\/wp-json\/wp\/v2\/posts\/123095","targetHints":{"allow":["GET"]}}],"collection":[{"href":"https:\/\/vinasfm.com\/noticias\/wp-json\/wp\/v2\/posts"}],"about":[{"href":"https:\/\/vinasfm.com\/noticias\/wp-json\/wp\/v2\/types\/post"}],"author":[{"embeddable":true,"href":"https:\/\/vinasfm.com\/noticias\/wp-json\/wp\/v2\/users\/7"}],"replies":[{"embeddable":true,"href":"https:\/\/vinasfm.com\/noticias\/wp-json\/wp\/v2\/comments?post=123095"}],"version-history":[{"count":1,"href":"https:\/\/vinasfm.com\/noticias\/wp-json\/wp\/v2\/posts\/123095\/revisions"}],"predecessor-version":[{"id":123097,"href":"https:\/\/vinasfm.com\/noticias\/wp-json\/wp\/v2\/posts\/123095\/revisions\/123097"}],"wp:featuredmedia":[{"embeddable":true,"href":"https:\/\/vinasfm.com\/noticias\/wp-json\/wp\/v2\/media\/123096"}],"wp:attachment":[{"href":"https:\/\/vinasfm.com\/noticias\/wp-json\/wp\/v2\/media?parent=123095"}],"wp:term":[{"taxonomy":"category","embeddable":true,"href":"https:\/\/vinasfm.com\/noticias\/wp-json\/wp\/v2\/categories?post=123095"},{"taxonomy":"post_tag","embeddable":true,"href":"https:\/\/vinasfm.com\/noticias\/wp-json\/wp\/v2\/tags?post=123095"}],"curies":[{"name":"wp","href":"https:\/\/api.w.org\/{rel}","templated":true}]}}