{"id":123092,"date":"2023-06-08T12:34:48","date_gmt":"2023-06-08T15:34:48","guid":{"rendered":"https:\/\/vinasfm.com\/noticias\/?p=123092"},"modified":"2023-06-08T12:34:48","modified_gmt":"2023-06-08T15:34:48","slug":"jueves-8-de-junio-se-suspenden-las-clases-presenciales-en-malargue-san-rafael-y-general-alvear","status":"publish","type":"post","link":"https:\/\/vinasfm.com\/noticias\/jueves-8-de-junio-se-suspenden-las-clases-presenciales-en-malargue-san-rafael-y-general-alvear\/","title":{"rendered":"JUEVES 8 DE JUNIO: SE SUSPENDEN LAS CLASES PRESENCIALES EN MALARG\u00dcE, SAN RAFAEL Y GENERAL ALVEAR"},"content":{"rendered":"<p><strong>La medida se debe a la presencia de viento Zonda. En el resto de la provincia el servicio educativo se brinda con total normalidad.<\/strong><\/p>\n<p>La Direcci\u00f3n General de Escuelas informa que hoy jueves 8 de junio de 2023 se suspenden las actividades presenciales en el turno tarde en las escuelas de todos los niveles y modalidades en Malarg\u00fce, San Rafael y General Alvear por la presencia de viento zonda.<\/p>\n<p>La actividad escolar deber\u00e1 desarrollarse de manera virtual a trav\u00e9s de la plataforma educativa ESCUELA DIGITAL MENDOZA, como lo establece la RESOL-2023-25-E-GDEMZA-DGE, en su Anexo 1, punto 13.<\/p>\n<p>Las escuelas de Jornada Completa deber\u00e1n finalizar las actividades en el horario habitual.<\/p>\n<p>Las escuelas albergue deber\u00e1n cumplir con su calendario habitual de presencialidad. En el caso de que el horario de des-albergada coincida con la ocurrencia del fen\u00f3meno meteorol\u00f3gico se deber\u00e1 evaluar el riesgo que implica hacerlo, y en caso de que sea necesario retrasar la actividad (de acuerdo con lo normado en la RESOL-2023-25-E-GDEMZA-DGE, Anexo 1, punto 15).<\/p>\n<p>En el caso de las clases de educaci\u00f3n f\u00edsica, las escuelas deber\u00e1n reprogramarlas conforme a lo establecido en el Art\u00edculo 7 de la RESOL-2023-25-E-GDEMZA-DGE.<br \/>\nEn horas de la tarde se conocer\u00e1n las novedades respecto a los turnos vespertino y nocturno.<\/p>\n<p>&nbsp;<\/p>\n","protected":false},"excerpt":{"rendered":"<p>La medida se debe a la presencia de viento Zonda. En el resto de la provincia el servicio educativo se brinda &#8230;<\/p>\n","protected":false},"author":7,"featured_media":123093,"comment_status":"open","ping_status":"open","sticky":false,"template":"","format":"standard","meta":{"footnotes":""},"categories":[1],"tags":[],"class_list":["post-123092","post","type-post","status-publish","format-standard","has-post-thumbnail","hentry","category-fmvinas"],"_links":{"self":[{"href":"https:\/\/vinasfm.com\/noticias\/wp-json\/wp\/v2\/posts\/123092","targetHints":{"allow":["GET"]}}],"collection":[{"href":"https:\/\/vinasfm.com\/noticias\/wp-json\/wp\/v2\/posts"}],"about":[{"href":"https:\/\/vinasfm.com\/noticias\/wp-json\/wp\/v2\/types\/post"}],"author":[{"embeddable":true,"href":"https:\/\/vinasfm.com\/noticias\/wp-json\/wp\/v2\/users\/7"}],"replies":[{"embeddable":true,"href":"https:\/\/vinasfm.com\/noticias\/wp-json\/wp\/v2\/comments?post=123092"}],"version-history":[{"count":1,"href":"https:\/\/vinasfm.com\/noticias\/wp-json\/wp\/v2\/posts\/123092\/revisions"}],"predecessor-version":[{"id":123094,"href":"https:\/\/vinasfm.com\/noticias\/wp-json\/wp\/v2\/posts\/123092\/revisions\/123094"}],"wp:featuredmedia":[{"embeddable":true,"href":"https:\/\/vinasfm.com\/noticias\/wp-json\/wp\/v2\/media\/123093"}],"wp:attachment":[{"href":"https:\/\/vinasfm.com\/noticias\/wp-json\/wp\/v2\/media?parent=123092"}],"wp:term":[{"taxonomy":"category","embeddable":true,"href":"https:\/\/vinasfm.com\/noticias\/wp-json\/wp\/v2\/categories?post=123092"},{"taxonomy":"post_tag","embeddable":true,"href":"https:\/\/vinasfm.com\/noticias\/wp-json\/wp\/v2\/tags?post=123092"}],"curies":[{"name":"wp","href":"https:\/\/api.w.org\/{rel}","templated":true}]}}