{"id":123084,"date":"2023-06-08T12:12:57","date_gmt":"2023-06-08T15:12:57","guid":{"rendered":"https:\/\/vinasfm.com\/noticias\/?p=123084"},"modified":"2023-06-08T20:25:35","modified_gmt":"2023-06-08T23:25:35","slug":"comenzo-la-campana-de-caritas-en-todo-el-pais","status":"publish","type":"post","link":"https:\/\/vinasfm.com\/noticias\/comenzo-la-campana-de-caritas-en-todo-el-pais\/","title":{"rendered":"COMENZ\u00d3 LA CAMPA\u00d1A DE C\u00c1RITAS EN TODO EL PA\u00cdS"},"content":{"rendered":"<h4><strong>Se est\u00e1 llevando a cabo la colecta anual de C\u00e1ritas, la instituci\u00f3n de caridad de la Iglesia Cat\u00f3lica en Argentina que cuenta con m\u00e1s de 40,000 voluntarios. Adem\u00e1s de ofrecer ayuda inmediata a trav\u00e9s de la entrega de mercader\u00eda, C\u00e1ritas tambi\u00e9n ofrece proyectos de desarrollo humano, como microcr\u00e9ditos y apoyo escolar<\/strong><\/h4>\n<p>De esta manera <span style=\"color: #3366ff;\"><em><strong>Horacio Valdivia<\/strong><\/em><\/span>, p\u00e1rroco del Sagrado Coraz\u00f3n de General Alvear y Vicario General de la Di\u00f3cesis de San Rafael explico a la poblaci\u00f3n de que se trata \u201cC\u00e1ritas\u201d: <strong><em>\u2018c\u00e1ritas es la instituci\u00f3n que, de alguna manera, es el brazo de la caridad de la Iglesia Cat\u00f3lica, es una instituci\u00f3n que en el pa\u00eds tiene cuarenta mil voluntarios\u2019<\/em><\/strong><\/p>\n<p><strong><em>\u2018Queremos invitar a la gente que se sume a la colecta este fin de semana, lo pueden hacer en cada una de las parroquias, a trav\u00e9s de un sobre, en los colegios cat\u00f3licos o directamente lo pueden hacer tambi\u00e9n en la web, a trav\u00e9s de la de la p\u00e1gina oficial de C\u00e1ritas\u2019<\/em><\/strong><\/p>\n<p>Del mismo modo una de las voluntarias que tiene el departamento, en este caso <span style=\"color: #cc99ff;\"><em><strong>Chabela Muzichi<\/strong><\/em><\/span> dio a entender la gran importancia que tiene este proyecto a nivel pa\u00eds <strong><em>\u2018La idea es que cuando el padre nos convoca al grupo de voluntarias, es reflotar lo que es C\u00e1ritas, la tarea que hace C\u00e1ritas, no se entra solo en el ropero en la entrega de mercader\u00eda, sino tambi\u00e9n en otros proyectos de desarrollo y trascendencia humana para que las personas reconozcan que son capaces de lograr cosas\u2019<\/em><\/strong><\/p>\n<p>&nbsp;<\/p>\n","protected":false},"excerpt":{"rendered":"<p>Se est\u00e1 llevando a cabo la colecta anual de C\u00e1ritas, la instituci\u00f3n de caridad de la Iglesia Cat\u00f3lica en Argentina que &#8230;<\/p>\n","protected":false},"author":7,"featured_media":123063,"comment_status":"open","ping_status":"open","sticky":false,"template":"","format":"standard","meta":{"footnotes":""},"categories":[5,10],"tags":[],"class_list":["post-123084","post","type-post","status-publish","format-standard","has-post-thumbnail","hentry","category-actualidad","category-destacadas"],"_links":{"self":[{"href":"https:\/\/vinasfm.com\/noticias\/wp-json\/wp\/v2\/posts\/123084","targetHints":{"allow":["GET"]}}],"collection":[{"href":"https:\/\/vinasfm.com\/noticias\/wp-json\/wp\/v2\/posts"}],"about":[{"href":"https:\/\/vinasfm.com\/noticias\/wp-json\/wp\/v2\/types\/post"}],"author":[{"embeddable":true,"href":"https:\/\/vinasfm.com\/noticias\/wp-json\/wp\/v2\/users\/7"}],"replies":[{"embeddable":true,"href":"https:\/\/vinasfm.com\/noticias\/wp-json\/wp\/v2\/comments?post=123084"}],"version-history":[{"count":1,"href":"https:\/\/vinasfm.com\/noticias\/wp-json\/wp\/v2\/posts\/123084\/revisions"}],"predecessor-version":[{"id":123086,"href":"https:\/\/vinasfm.com\/noticias\/wp-json\/wp\/v2\/posts\/123084\/revisions\/123086"}],"wp:featuredmedia":[{"embeddable":true,"href":"https:\/\/vinasfm.com\/noticias\/wp-json\/wp\/v2\/media\/123063"}],"wp:attachment":[{"href":"https:\/\/vinasfm.com\/noticias\/wp-json\/wp\/v2\/media?parent=123084"}],"wp:term":[{"taxonomy":"category","embeddable":true,"href":"https:\/\/vinasfm.com\/noticias\/wp-json\/wp\/v2\/categories?post=123084"},{"taxonomy":"post_tag","embeddable":true,"href":"https:\/\/vinasfm.com\/noticias\/wp-json\/wp\/v2\/tags?post=123084"}],"curies":[{"name":"wp","href":"https:\/\/api.w.org\/{rel}","templated":true}]}}