{"id":123083,"date":"2023-06-08T12:14:37","date_gmt":"2023-06-08T15:14:37","guid":{"rendered":"https:\/\/vinasfm.com\/noticias\/?p=123083"},"modified":"2023-06-08T21:05:18","modified_gmt":"2023-06-09T00:05:18","slug":"el-secretario-de-gobierno-dio-detalles-de-como-se-llevaran-a-cabo-las-paso-en-general-alvear","status":"publish","type":"post","link":"https:\/\/vinasfm.com\/noticias\/el-secretario-de-gobierno-dio-detalles-de-como-se-llevaran-a-cabo-las-paso-en-general-alvear\/","title":{"rendered":"EL SECRETARIO DE GOBIERNO DIO DETALLES DE C\u00d3MO SE LLEVAR\u00c1N A CABO LAS PASO EN GENERAL ALVEAR"},"content":{"rendered":"<p><strong>El domingo los mendocinos ir\u00e1n a las urnas por las Elecciones Paso Provinciales y se elegir\u00e1n los precandidatos a gobernador, vicegobernador y legisladores. En el caso de los departamentos que no desdoblaron tambi\u00e9n elegir\u00e1n a los candidatos a intendente y concejales.<\/strong><\/p>\n<p>La Boleta \u00danica ya debut\u00f3 el 30 de abril Mendoza en Maip\u00fa, La Paz, Lavalle, Santa Rosa, San Rafael, San Carlos y Tunuy\u00e1n. El 11 de junio ser\u00e1 la mayor prueba de esta modalidad.<\/p>\n<p><strong><em>\u201cLos ciudadanos tienen que saber que hay algunas modificaciones en cuanto al voto. En primer lugar no nos vamos a encontrar con el cuarto oscuro en el que estamos acostumbrados, dentro del cuarto oscuro tendremos dos cabinas, o biombos, en donde podr\u00e1n votar de a dos personas para agilizar el proceso\u201d,<\/em><\/strong> mencion\u00f3 Varela.<\/p>\n<p>Es clave recordar que el Presidente de Mesa es la \u00fanica persona autorizada para entregar la Boleta \u00danica y esta no puede venir desde el exterior.\u00a0\u00a0 <strong><em>\u201cSi el ciudadano se llega a confundir tendr\u00e1 otra oportunidad y ese ser\u00e1 el voto v\u00e1lido\u201d,<\/em><\/strong> remarc\u00f3.<\/p>\n<p>Tambi\u00e9n detall\u00f3 que existir\u00e1 prioridad para embarazadas y adultos mayores. Las personas que tengan alguna discapacidad visual o requieran de compa\u00f1\u00eda podr\u00e1n ingresar con un acompa\u00f1ante, y ese acompa\u00f1ante solo podr\u00e1 asistir a solo una persona.<\/p>\n<p><strong><em>\u201cAconsejamos y solicitamos que sean responsables y presten atenci\u00f3n al momento de votar para evitar errores como el voto nulo, voto recurrido y voto en blanco\u201d,<\/em><\/strong> cerr\u00f3 el <span style=\"color: #0000ff;\"><strong>Secretario de Gobierno, Mariano Varela<\/strong><\/span>.<\/p>\n<h2><strong>MESAS ELECTORALES<\/strong><\/h2>\n<p>Los presidentes y vicepresidentes de mesa deber\u00e1n presentarse a las 7:30h, del 11 de junio del corriente a\u00f1o, en las escuelas asignadas. Los fiscales deber\u00e1n hacerlo a las 8:00h.<\/p>\n<p>Todo el material necesario ser\u00e1 entregado por la Junta Electoral y lo recibir\u00e1 el\/la presidente de mesa para poder realizar todo el escrutinio de manera correcta y adecuada. Adem\u00e1s, a la hora de hacer el conteo de votos se aportar\u00e1n las herramientas necesarias.<\/p>\n<p>La p\u00e1gina web <a href=\"http:\/\/www.mendoza.gov.ar\/padron\" target=\"_blank\" rel=\"noreferrer noopener\">www.mendoza.gov.ar\/padron<\/a>\u00a0proporcionar\u00e1 informaci\u00f3n sobre centros de votaci\u00f3n y habr\u00e1 ayuda disponible en las escuelas electorales.<\/p>\n<h2>BOLETA \u00daNICA EN GENERAL ALVEAR<\/h2>\n<p><a href=\"https:\/\/vinasfm.com\/noticias\/wp-content\/uploads\/2023\/06\/47130ab7-1fc3-4a80-979d-dd76fe5aa0b7.jpg\"><img loading=\"lazy\" decoding=\"async\" class=\"alignnone size-full wp-image-123085\" src=\"https:\/\/vinasfm.com\/noticias\/wp-content\/uploads\/2023\/06\/47130ab7-1fc3-4a80-979d-dd76fe5aa0b7.jpg\" alt=\"\" width=\"1280\" height=\"386\" srcset=\"https:\/\/vinasfm.com\/noticias\/wp-content\/uploads\/2023\/06\/47130ab7-1fc3-4a80-979d-dd76fe5aa0b7.jpg 1280w, https:\/\/vinasfm.com\/noticias\/wp-content\/uploads\/2023\/06\/47130ab7-1fc3-4a80-979d-dd76fe5aa0b7-300x90.jpg 300w, https:\/\/vinasfm.com\/noticias\/wp-content\/uploads\/2023\/06\/47130ab7-1fc3-4a80-979d-dd76fe5aa0b7-1024x309.jpg 1024w, https:\/\/vinasfm.com\/noticias\/wp-content\/uploads\/2023\/06\/47130ab7-1fc3-4a80-979d-dd76fe5aa0b7-768x232.jpg 768w\" sizes=\"auto, (max-width: 1280px) 100vw, 1280px\" \/><\/a><\/p>\n","protected":false},"excerpt":{"rendered":"<p>El domingo los mendocinos ir\u00e1n a las urnas por las Elecciones Paso Provinciales y se elegir\u00e1n los precandidatos a gobernador, vicegobernador &#8230;<\/p>\n","protected":false},"author":7,"featured_media":123087,"comment_status":"open","ping_status":"open","sticky":false,"template":"","format":"standard","meta":{"footnotes":""},"categories":[5,23],"tags":[],"class_list":["post-123083","post","type-post","status-publish","format-standard","has-post-thumbnail","hentry","category-actualidad","category-elecciones"],"_links":{"self":[{"href":"https:\/\/vinasfm.com\/noticias\/wp-json\/wp\/v2\/posts\/123083","targetHints":{"allow":["GET"]}}],"collection":[{"href":"https:\/\/vinasfm.com\/noticias\/wp-json\/wp\/v2\/posts"}],"about":[{"href":"https:\/\/vinasfm.com\/noticias\/wp-json\/wp\/v2\/types\/post"}],"author":[{"embeddable":true,"href":"https:\/\/vinasfm.com\/noticias\/wp-json\/wp\/v2\/users\/7"}],"replies":[{"embeddable":true,"href":"https:\/\/vinasfm.com\/noticias\/wp-json\/wp\/v2\/comments?post=123083"}],"version-history":[{"count":1,"href":"https:\/\/vinasfm.com\/noticias\/wp-json\/wp\/v2\/posts\/123083\/revisions"}],"predecessor-version":[{"id":123088,"href":"https:\/\/vinasfm.com\/noticias\/wp-json\/wp\/v2\/posts\/123083\/revisions\/123088"}],"wp:featuredmedia":[{"embeddable":true,"href":"https:\/\/vinasfm.com\/noticias\/wp-json\/wp\/v2\/media\/123087"}],"wp:attachment":[{"href":"https:\/\/vinasfm.com\/noticias\/wp-json\/wp\/v2\/media?parent=123083"}],"wp:term":[{"taxonomy":"category","embeddable":true,"href":"https:\/\/vinasfm.com\/noticias\/wp-json\/wp\/v2\/categories?post=123083"},{"taxonomy":"post_tag","embeddable":true,"href":"https:\/\/vinasfm.com\/noticias\/wp-json\/wp\/v2\/tags?post=123083"}],"curies":[{"name":"wp","href":"https:\/\/api.w.org\/{rel}","templated":true}]}}