{"id":123039,"date":"2023-06-07T10:53:23","date_gmt":"2023-06-07T13:53:23","guid":{"rendered":"https:\/\/vinasfm.com\/noticias\/?p=123039"},"modified":"2023-06-08T20:25:48","modified_gmt":"2023-06-08T23:25:48","slug":"llega-una-fuerte-ola-polar-a-mendoza-cuando-es-y-como-prepararse","status":"publish","type":"post","link":"https:\/\/vinasfm.com\/noticias\/llega-una-fuerte-ola-polar-a-mendoza-cuando-es-y-como-prepararse\/","title":{"rendered":"LLEGA UNA FUERTE OLA POLAR A MENDOZA: CU\u00c1NDO ES Y C\u00d3MO PREPARARSE"},"content":{"rendered":"<div class=\"description-boxed\"><strong>A partir del fin de semana empezar\u00e1n a registrarse temperaturas invernales. Desde el Servicio Meteorol\u00f3gico Nacional hablan de riesgos de helada para toda la semana que viene.<\/strong><\/div>\n<div><\/div>\n<div>Se aproxima una\u00a0<b>ola polar<\/b>\u00a0fuerte a Sudam\u00e9rica, inusual en cuanto al alcance que tendr\u00e1. En Mendoza tendremos d\u00edas de\u00a0<b>fr\u00edo<\/b>\u00a0muy marcado, y los meteor\u00f3logos ya alertan para que la poblaci\u00f3n tome los recaudos necesarios para protegerse de las bajas\u00a0<b>temperaturas<\/b>, que podr\u00edan alcanzar m\u00ednimas de 0 grados.<\/div>\n<div><\/div>\n<div>El viernes ingresar\u00e1 un frente\u00a0<b>fr\u00edo<\/b>\u00a0m\u00e1s intenso de lo habitual. Mariano Garc\u00eda, especialista del\u00a0<b>Servicio Meteorol\u00f3gico Nacional<\/b>\u00a0(SMN), se\u00f1al\u00f3 que el\u00a0<b>fr\u00edo<\/b>\u00a0no llegar\u00e1 necesariamente con muchas tormentas, con nieve ni con muchas lluvias. Pero lo que s\u00ed ser\u00e1 inusual es su alcance.<\/div>\n<div><\/div>\n<div>\u00a0Es que el sistema frontal llegar\u00eda mucho m\u00e1s al norte que lo acostumbrado. Un sistema frontal es una zona de transici\u00f3n entre dos masas de aire con distintas caracter\u00edsticas. En este caso, se trata de una masa de aire fr\u00edo que reemplaza a una c\u00e1lida.<\/div>\n<div><\/div>\n<div><strong><em>\u00abLos sistemas frontales en general llegan a estar en la latitud de Mendoza o un poquito m\u00e1s al norte. Muy pocas veces cubren toda Argentina, y muy, muy pocas veces tal vez llegan a Brasil\u00bb<\/em><\/strong>, explic\u00f3 Garc\u00eda. En esta ocasi\u00f3n, algunos modelos consultados por el meteor\u00f3logo marcan que el frente\u00a0<b>fr\u00edo<\/b>\u00a0llegar\u00eda hasta Paraguay, Bolivia y el sur de Brasil.<\/div>\n<div><\/div>\n<div><strong><em>\u00abEs muy posible que el riesgo de helada durante pr\u00e1cticamente toda la semana que viene, incluyendo este fin de semana, sea elevado y sea algo constante -apunt\u00f3 Garc\u00eda-. Es decir, de todas las ma\u00f1anas, y sobre todo en zonas bien descampadas\u00bb.<\/em><\/strong><\/div>\n<div><\/div>\n<div>Bas\u00e1ndose en los datos a los que accedi\u00f3 esta ma\u00f1ana, Garc\u00eda inform\u00f3 que pasar\u00e1n muchos d\u00edas hasta normalizar las\u00a0<b>temperaturas<\/b>. Es decir, que las mismas <strong><em>\u00abpuedan acomodarse acorde a lo que son las\u00a0temperaturas\u00a0promedio de esta \u00e9poca del a\u00f1o\u00bb.<\/em> <\/strong>En Mendoza, esos niveles normales para junio est\u00e1n entre 5 grados de m\u00ednima y 18 de m\u00e1xima, a\u00f1adi\u00f3 el meteor\u00f3logo.<\/div>\n<div><\/div>\n<div>Las implicancias de ese nivel de\u00a0<b>fr\u00edo<\/b>\u00a0suelen ser mayor demanda de gas y de electricidad -en el caso de quienes calefaccionan con energ\u00eda el\u00e9ctrica-.<\/div>\n<div>\n<p><a href=\"http:\/\/vinasfm.com\/noticias\/wp-content\/uploads\/2023\/06\/648073a61eb77_570_806.jpg\"><img loading=\"lazy\" decoding=\"async\" class=\"wp-image-123040 aligncenter\" src=\"http:\/\/vinasfm.com\/noticias\/wp-content\/uploads\/2023\/06\/648073a61eb77_570_806.jpg\" alt=\"\" width=\"500\" height=\"707\" srcset=\"https:\/\/vinasfm.com\/noticias\/wp-content\/uploads\/2023\/06\/648073a61eb77_570_806.jpg 570w, https:\/\/vinasfm.com\/noticias\/wp-content\/uploads\/2023\/06\/648073a61eb77_570_806-212x300.jpg 212w\" sizes=\"auto, (max-width: 500px) 100vw, 500px\" \/><\/a><\/p>\n<h6>Recomendaciones de Defensa Civil para calefaccionar.<\/h6>\n<p>Entre las se\u00f1ales que pueden hacer sospechar la presencia del CO en el ambiente est\u00e1n: la llama es de color amarillo o naranjo, en lugar del azul normal. Esto es producto del carbono libre en estado de incandescencia. Adem\u00e1s, la aparici\u00f3n de manchas, suciedad o decoloraci\u00f3n de los artefactos, en sus conductos de evacuaci\u00f3n o alrededor de ellos<\/p>\n<p>Por este motivo, siempre hay que mantener ventilados los ambientes de la vivienda y apagar la estufa o artefactos antes de ir a dormir.<\/p>\n<p>Por \u00faltimo, ante s\u00edntomas de intoxicaci\u00f3n llamar al 911 y concurrir a un centro asistencial.<\/p>\n<\/div>\n<div><strong><em>\u00abEl\u00a0fr\u00edo\u00a0no enferma, pero s\u00ed nos hace estar en ambientes cerrados con poca ventilaci\u00f3n, y eso s\u00ed enferma\u00bb<\/em><\/strong>, record\u00f3 el meteor\u00f3logo. Adem\u00e1s de la ventilaci\u00f3n, otras recomendaciones son que quienes no accedan a la red continua de gas preparen los recursos para calefaccionar -garrafas y le\u00f1a-; y abrigarse bien. Garc\u00eda de todas formas recomend\u00f3 informarse mejor a trav\u00e9s de las autoridades pertinentes, como\u00a0Defensa Civil.<\/div>\n<div>\n<h2 class=\"bullletsmall\">C\u00f3mo evitar las intoxicaciones con mon\u00f3xido de carbono<\/h2>\n<p>Ante las bajas\u00a0<b>temperaturas<\/b>\u00a0que se est\u00e1n registrando en Mendoza, Defensa Civil provincial recomend\u00f3 una serie de medidas de prevenci\u00f3n para evitar la intoxicaci\u00f3n con mon\u00f3xido de carbono (CO).<\/p>\n<p>Entre los consejos, los especialistas aconsejan no utilizar las hornallas y el horno para calefaccionarse. Tambi\u00e9n es fundamental que un gasista matriculado verifique artefactos e instalaciones y limpie los calefones.<\/p>\n<p>El mon\u00f3xido de carbono puede producirse cuando el gas (natural o de garrafa), el querosene, le\u00f1a, alcohol o cualquier sustancia org\u00e1nica se quema de forma incompleta.<\/p>\n<p>Entre las se\u00f1ales que pueden hacer sospechar la presencia del CO en el ambiente est\u00e1n: la llama es de color amarillo o naranjo, en lugar del azul normal. Esto es producto del carbono libre en estado de incandescencia. Adem\u00e1s, la aparici\u00f3n de manchas, suciedad o decoloraci\u00f3n de los artefactos, en sus conductos de evacuaci\u00f3n o alrededor de ellos.<\/p>\n<p>Por este motivo, siempre hay que mantener ventilados los ambientes de la vivienda y apagar la estufa o artefactos antes de ir a dormir.<\/p>\n<p>Por \u00faltimo, ante s\u00edntomas de intoxicaci\u00f3n llamar al 911 y concurrir a un centro asistencial.<\/p>\n<\/div>\n","protected":false},"excerpt":{"rendered":"<p>A partir del fin de semana empezar\u00e1n a registrarse temperaturas invernales. Desde el Servicio Meteorol\u00f3gico Nacional hablan de riesgos de helada &#8230;<\/p>\n","protected":false},"author":7,"featured_media":123041,"comment_status":"open","ping_status":"open","sticky":false,"template":"","format":"standard","meta":{"footnotes":""},"categories":[5,17],"tags":[],"class_list":["post-123039","post","type-post","status-publish","format-standard","has-post-thumbnail","hentry","category-actualidad","category-clima"],"_links":{"self":[{"href":"https:\/\/vinasfm.com\/noticias\/wp-json\/wp\/v2\/posts\/123039","targetHints":{"allow":["GET"]}}],"collection":[{"href":"https:\/\/vinasfm.com\/noticias\/wp-json\/wp\/v2\/posts"}],"about":[{"href":"https:\/\/vinasfm.com\/noticias\/wp-json\/wp\/v2\/types\/post"}],"author":[{"embeddable":true,"href":"https:\/\/vinasfm.com\/noticias\/wp-json\/wp\/v2\/users\/7"}],"replies":[{"embeddable":true,"href":"https:\/\/vinasfm.com\/noticias\/wp-json\/wp\/v2\/comments?post=123039"}],"version-history":[{"count":1,"href":"https:\/\/vinasfm.com\/noticias\/wp-json\/wp\/v2\/posts\/123039\/revisions"}],"predecessor-version":[{"id":123042,"href":"https:\/\/vinasfm.com\/noticias\/wp-json\/wp\/v2\/posts\/123039\/revisions\/123042"}],"wp:featuredmedia":[{"embeddable":true,"href":"https:\/\/vinasfm.com\/noticias\/wp-json\/wp\/v2\/media\/123041"}],"wp:attachment":[{"href":"https:\/\/vinasfm.com\/noticias\/wp-json\/wp\/v2\/media?parent=123039"}],"wp:term":[{"taxonomy":"category","embeddable":true,"href":"https:\/\/vinasfm.com\/noticias\/wp-json\/wp\/v2\/categories?post=123039"},{"taxonomy":"post_tag","embeddable":true,"href":"https:\/\/vinasfm.com\/noticias\/wp-json\/wp\/v2\/tags?post=123039"}],"curies":[{"name":"wp","href":"https:\/\/api.w.org\/{rel}","templated":true}]}}