{"id":123033,"date":"2023-06-07T10:04:14","date_gmt":"2023-06-07T13:04:14","guid":{"rendered":"https:\/\/vinasfm.com\/noticias\/?p=123033"},"modified":"2023-06-08T20:26:16","modified_gmt":"2023-06-08T23:26:16","slug":"el-proximo-13-de-junio-seran-los-festejos-patronales-en-torno-a-san-antonio-de-padua","status":"publish","type":"post","link":"https:\/\/vinasfm.com\/noticias\/el-proximo-13-de-junio-seran-los-festejos-patronales-en-torno-a-san-antonio-de-padua\/","title":{"rendered":"EL PR\u00d3XIMO 13 DE JUNIO SER\u00c1N LOS FESTEJOS PATRONALES EN TORNO A SAN ANTONIO DE PADUA"},"content":{"rendered":"<p><strong>Desde FM VI\u00d1AS tomamos contacto con Marcelo Alferez, director del nivel secundario de Instituto San Antonio, quien dio detalles de c\u00f3mo se celebrar\u00e1 desde la instituci\u00f3n. <\/strong><\/p>\n<p><em><strong>\u201cEl martes 13, como todos los a\u00f1os, tendremos la misa en la Parroquia Sagrado Coraz\u00f3n de Jes\u00fas porque el colegio pertenece a esa Parroquia. Posteriormente habr\u00e1 una procesi\u00f3n desde la Iglesia hasta el gimnasio de la escuela en donde continuaremos los festejos\u201d,\u00a0<\/strong><\/em>indic\u00f3 Alferez.<\/p>\n<p>A diferencia de a\u00f1os anteriores, esta vez no se realizar\u00e1 un almuerzo en el marco de los festejos patronales.<\/p>\n<h2>XXIX TORNEOS ISA<\/h2>\n<p>Esta semana inici\u00f3 la nueva edici\u00f3n de los tradicionales torneos del Instituto San Antonio. Los actividades deportivas comenzaron el pasado lunes 5 de junio y se extender\u00e1n hasta el viernes 9 del corriente.<\/p>\n<p>En la jornada de ayer se llev\u00f3 a cabo la ceremonia de apertura en donde se realiz\u00f3 la bendici\u00f3n de la antorcha.<\/p>\n<h2><strong>San Antonio de Padua<\/strong><\/h2>\n<p>Este 13 de junio la<strong>\u00a0Iglesia Cat\u00f3lica<\/strong>\u00a0recuerda a<strong>\u00a0San Antonio de Padua\u00a0<\/strong>con su fiesta lit\u00fargica: una de las m\u00e1s extendidas entre los fieles, que aprovechan esta ocasi\u00f3n para venerar a este sacerdote franciscano. Considerado patrono de los objetos perdidos y de las mujeres est\u00e9riles, los pobres, viajeros, alba\u00f1iles, panaderos y papeleros, es\u00a0<strong>uno de los mayores hacedores de milagros de todos los tiempos<\/strong>.<\/p>\n<p>&nbsp;<\/p>\n","protected":false},"excerpt":{"rendered":"<p>Desde FM VI\u00d1AS tomamos contacto con Marcelo Alferez, director del nivel secundario de Instituto San Antonio, quien dio detalles de c\u00f3mo &#8230;<\/p>\n","protected":false},"author":7,"featured_media":123034,"comment_status":"open","ping_status":"open","sticky":false,"template":"","format":"standard","meta":{"footnotes":""},"categories":[5,11],"tags":[],"class_list":["post-123033","post","type-post","status-publish","format-standard","has-post-thumbnail","hentry","category-actualidad","category-sociales"],"_links":{"self":[{"href":"https:\/\/vinasfm.com\/noticias\/wp-json\/wp\/v2\/posts\/123033","targetHints":{"allow":["GET"]}}],"collection":[{"href":"https:\/\/vinasfm.com\/noticias\/wp-json\/wp\/v2\/posts"}],"about":[{"href":"https:\/\/vinasfm.com\/noticias\/wp-json\/wp\/v2\/types\/post"}],"author":[{"embeddable":true,"href":"https:\/\/vinasfm.com\/noticias\/wp-json\/wp\/v2\/users\/7"}],"replies":[{"embeddable":true,"href":"https:\/\/vinasfm.com\/noticias\/wp-json\/wp\/v2\/comments?post=123033"}],"version-history":[{"count":1,"href":"https:\/\/vinasfm.com\/noticias\/wp-json\/wp\/v2\/posts\/123033\/revisions"}],"predecessor-version":[{"id":123035,"href":"https:\/\/vinasfm.com\/noticias\/wp-json\/wp\/v2\/posts\/123033\/revisions\/123035"}],"wp:featuredmedia":[{"embeddable":true,"href":"https:\/\/vinasfm.com\/noticias\/wp-json\/wp\/v2\/media\/123034"}],"wp:attachment":[{"href":"https:\/\/vinasfm.com\/noticias\/wp-json\/wp\/v2\/media?parent=123033"}],"wp:term":[{"taxonomy":"category","embeddable":true,"href":"https:\/\/vinasfm.com\/noticias\/wp-json\/wp\/v2\/categories?post=123033"},{"taxonomy":"post_tag","embeddable":true,"href":"https:\/\/vinasfm.com\/noticias\/wp-json\/wp\/v2\/tags?post=123033"}],"curies":[{"name":"wp","href":"https:\/\/api.w.org\/{rel}","templated":true}]}}