{"id":123014,"date":"2023-06-07T09:10:46","date_gmt":"2023-06-07T12:10:46","guid":{"rendered":"https:\/\/vinasfm.com\/noticias\/?p=123014"},"modified":"2023-06-08T12:47:11","modified_gmt":"2023-06-08T15:47:11","slug":"en-el-teatro-antonio-lafalla-se-realizaron-talleres-en-el-marco-del-mes-de-ni-una-menos","status":"publish","type":"post","link":"https:\/\/vinasfm.com\/noticias\/en-el-teatro-antonio-lafalla-se-realizaron-talleres-en-el-marco-del-mes-de-ni-una-menos\/","title":{"rendered":"EN EL TEATRO ANTONIO LAFALLA SE REALIZARON TALLERES EN EL MARCO DEL MES DE NI UNA MENOS"},"content":{"rendered":"<p><strong>Ayer por la ma\u00f1ana se llev\u00f3 a cabo una charla de prevenci\u00f3n de violencia y lucha contra la violencia hacia las mujeres, orientada a la eliminaci\u00f3n de los estereotipos de g\u00e9nero y el uso de armas de fuego, siendo esta una actividad programada por el equipo de prevenci\u00f3n ciudadana del Ministerio de Justicia y Derechos Humanos de Naci\u00f3n. Se cont\u00f3 con la presencia de distintas instituciones y la concurrencia fue importante<\/strong><\/p>\n<p>En Alvear y otras ciudades del sur, se trabaja en conjunto con la Agencia Nacional de Materiales Controlados y los municipios en la prevenci\u00f3n de la violencia de g\u00e9nero relacionada con el acceso a armas de fuego. Seg\u00fan declaraciones de seis mil quinientas mujeres, el doce por ciento de sus parejas o exparejas ten\u00edan acceso a armas de fuego.<\/p>\n<p>Estuvo presente <em><span style=\"font-weight: bold; color: #3366ff;\">Bel\u00e9n Boba<\/span>, <span style=\"color: #333399;\"><strong>Directora de G\u00e9nero de la Provincia\u00a0<\/strong><\/span><\/em><span style=\"color: #333399;\"><span style=\"color: #000000;\">y dijo lo siguiente: <em><strong>&#8216;junio es un mes para trabajarlo, a lo mejor enfocando m\u00e1s en lo que es la prevenci\u00f3n de violencia, m\u00e1s all\u00e1 de que se hace durante todo el a\u00f1o, la concurrencia es bastante importante, hemos tratado de acercarnos a todas las instituciones para que manden su personal, ya sea lo que es polic\u00eda, gendarmer\u00eda, salud, Direcci\u00f3n General de Escuelas y p\u00fablico en general&#8217;<\/strong><\/em><\/span><\/span><\/p>\n<p><em><strong>&#8216;consideramos que entre todos es una forma de trabajar lo que es la prevenci\u00f3n de la violencia y lo que es la lucha contra la violencia, especialmente violencia contra la mujer&#8217;<\/strong><\/em><\/p>\n<p>Asimismo tambi\u00e9n contaron con la participaci\u00f3n de <em><strong><span style=\"color: #0000ff;\">Silvia Vega<\/span><\/strong><\/em> quien representa a la Asesor\u00eda de la Mujer en nuestro departamento: <em><strong>&#8216;el a\u00f1o pasado acompa\u00f1amos en toda la provincia seis mil quinientas mujeres, de las cuales declararon que el doce por ciento es su pareja o expareja ten\u00eda acceso a a armas de fuego, hace poco sali\u00f3 un porcentaje donde se establec\u00eda que las renuncias eran m\u00e1s por violencia de g\u00e9nero dentro de las fuerzas de seguridad en la provincia, siete de cada diez eran por esto&#8217;<\/strong><\/em><\/p>\n<p>&nbsp;<\/p>\n","protected":false},"excerpt":{"rendered":"<p>Ayer por la ma\u00f1ana se llev\u00f3 a cabo una charla de prevenci\u00f3n de violencia y lucha contra la violencia hacia las &#8230;<\/p>\n","protected":false},"author":7,"featured_media":123015,"comment_status":"open","ping_status":"open","sticky":false,"template":"","format":"standard","meta":{"footnotes":""},"categories":[5,11],"tags":[],"class_list":["post-123014","post","type-post","status-publish","format-standard","has-post-thumbnail","hentry","category-actualidad","category-sociales"],"_links":{"self":[{"href":"https:\/\/vinasfm.com\/noticias\/wp-json\/wp\/v2\/posts\/123014","targetHints":{"allow":["GET"]}}],"collection":[{"href":"https:\/\/vinasfm.com\/noticias\/wp-json\/wp\/v2\/posts"}],"about":[{"href":"https:\/\/vinasfm.com\/noticias\/wp-json\/wp\/v2\/types\/post"}],"author":[{"embeddable":true,"href":"https:\/\/vinasfm.com\/noticias\/wp-json\/wp\/v2\/users\/7"}],"replies":[{"embeddable":true,"href":"https:\/\/vinasfm.com\/noticias\/wp-json\/wp\/v2\/comments?post=123014"}],"version-history":[{"count":2,"href":"https:\/\/vinasfm.com\/noticias\/wp-json\/wp\/v2\/posts\/123014\/revisions"}],"predecessor-version":[{"id":123100,"href":"https:\/\/vinasfm.com\/noticias\/wp-json\/wp\/v2\/posts\/123014\/revisions\/123100"}],"wp:featuredmedia":[{"embeddable":true,"href":"https:\/\/vinasfm.com\/noticias\/wp-json\/wp\/v2\/media\/123015"}],"wp:attachment":[{"href":"https:\/\/vinasfm.com\/noticias\/wp-json\/wp\/v2\/media?parent=123014"}],"wp:term":[{"taxonomy":"category","embeddable":true,"href":"https:\/\/vinasfm.com\/noticias\/wp-json\/wp\/v2\/categories?post=123014"},{"taxonomy":"post_tag","embeddable":true,"href":"https:\/\/vinasfm.com\/noticias\/wp-json\/wp\/v2\/tags?post=123014"}],"curies":[{"name":"wp","href":"https:\/\/api.w.org\/{rel}","templated":true}]}}