{"id":122997,"date":"2023-06-06T19:13:25","date_gmt":"2023-06-06T22:13:25","guid":{"rendered":"https:\/\/vinasfm.com\/noticias\/?p=122997"},"modified":"2023-06-07T10:04:52","modified_gmt":"2023-06-07T13:04:52","slug":"de-marchi-hace-anos-que-en-mendoza-la-educacion-dejo-de-ser-una-herramienta-de-progreso","status":"publish","type":"post","link":"https:\/\/vinasfm.com\/noticias\/de-marchi-hace-anos-que-en-mendoza-la-educacion-dejo-de-ser-una-herramienta-de-progreso\/","title":{"rendered":"DE MARCHI: \u201cHACE A\u00d1OS QUE EN MENDOZA LA EDUCACI\u00d3N DEJ\u00d3 DE SER UNA HERRAMIENTA DE PROGRESO\u201d"},"content":{"rendered":"<p><strong>El precandidato a Gobernador por La Uni\u00f3n Mendocina sostuvo que #TenemosQueHablar de Educaci\u00f3n, ya que esto explica en buena medida el estancamiento de la provincia.<\/strong><\/p>\n<p><span style=\"color: #800080;\"><strong>Omar De Marchi<\/strong> <\/span>record\u00f3 <strong><em>\u201ccuando yo era chico, la escuela era el lugar que nos igualaba el punto de partida a todos. El hijo del sodero, como yo, el hijo del empresario y el hijo de la familia m\u00e1s humilde del barrio, encontraban en el aula las mismas oportunidades para salir adelante\u201d.<\/em><\/strong><\/p>\n<p>Durante la ma\u00f1ana de este martes, De Marchi visit\u00f3 la escuela \u201cMarcelino H\u00e9ctor Blanco\u201d del departamento de La Paz. All\u00ed, la falta de conectividad complica el uso de herramientas digitales y adem\u00e1s, la mitad de los estudiantes y docentes no tienen computadora.<\/p>\n<p>Tambi\u00e9n el precandidato a Gobernador visit\u00f3 la Escuela \u201cJuana de Quiroga\u201d en Villa Antigua. Los problemas edilicios y la falta de inversi\u00f3n en infraestructura escolar son m\u00e1s que evidentes.<\/p>\n<p>Para graficar el deterioro, las autoridades informaron a De Marchi que tuvieron que transformar la Direcci\u00f3n en un jard\u00edn escolar.<\/p>\n<p><em><strong>\u201cSi no se destina el presupuesto suficiente para educaci\u00f3n, es muy dif\u00edcil que la situaci\u00f3n cambie. Hay que priorizar la inversi\u00f3n en educaci\u00f3n. Debemos volcar recursos a la herramienta m\u00e1s potente que existe para transformar la sociedad\u201d<\/strong><\/em>, expres\u00f3 Omar De Marchi.<\/p>\n<h2><strong>#TenemosQueHablar de Educaci\u00f3n en San Carlos<\/strong><\/h2>\n<p>Por la tarde, el precandidato a Gobernador por La Uni\u00f3n Mendocina, visit\u00f3 la escuela \u201cFrancisco Soriano\u201d. Docentes y alumnos recibieron a Omar De Marchi y al precandidato a legislador provincial, Jorge Andr\u00e9s Difonso.<\/p>\n<p>Pese a la advertencia enviada por el gobierno escolar, la Directora del establecimiento recibi\u00f3 al equipo de La Uni\u00f3n <strong><em>Mendocina y mostr\u00f3 el abandono y falta de mantenimiento de la infraestructura edilicia.<\/em><\/strong><\/p>\n<p><strong><em>\u201cTenemos que hablar de educaci\u00f3n. Las presiones, los bajos sueldos y las p\u00e9simas condiciones edilicias en las que trabajan los docentes conspiran contra el sistema educativo. Hay que valorar el esfuerzo y dedicaci\u00f3n de los docentes. Ellos ser\u00e1n los protagonistas de la transformaci\u00f3n que necesita Mendoza en materia de Educaci\u00f3n\u201d<\/em><\/strong>, concluy\u00f3 Omar De Marchi.<\/p>\n","protected":false},"excerpt":{"rendered":"<p>El precandidato a Gobernador por La Uni\u00f3n Mendocina sostuvo que #TenemosQueHablar de Educaci\u00f3n, ya que esto explica en buena medida el &#8230;<\/p>\n","protected":false},"author":7,"featured_media":122998,"comment_status":"open","ping_status":"open","sticky":false,"template":"","format":"standard","meta":{"footnotes":""},"categories":[5,7],"tags":[],"class_list":["post-122997","post","type-post","status-publish","format-standard","has-post-thumbnail","hentry","category-actualidad","category-politica"],"_links":{"self":[{"href":"https:\/\/vinasfm.com\/noticias\/wp-json\/wp\/v2\/posts\/122997","targetHints":{"allow":["GET"]}}],"collection":[{"href":"https:\/\/vinasfm.com\/noticias\/wp-json\/wp\/v2\/posts"}],"about":[{"href":"https:\/\/vinasfm.com\/noticias\/wp-json\/wp\/v2\/types\/post"}],"author":[{"embeddable":true,"href":"https:\/\/vinasfm.com\/noticias\/wp-json\/wp\/v2\/users\/7"}],"replies":[{"embeddable":true,"href":"https:\/\/vinasfm.com\/noticias\/wp-json\/wp\/v2\/comments?post=122997"}],"version-history":[{"count":1,"href":"https:\/\/vinasfm.com\/noticias\/wp-json\/wp\/v2\/posts\/122997\/revisions"}],"predecessor-version":[{"id":122999,"href":"https:\/\/vinasfm.com\/noticias\/wp-json\/wp\/v2\/posts\/122997\/revisions\/122999"}],"wp:featuredmedia":[{"embeddable":true,"href":"https:\/\/vinasfm.com\/noticias\/wp-json\/wp\/v2\/media\/122998"}],"wp:attachment":[{"href":"https:\/\/vinasfm.com\/noticias\/wp-json\/wp\/v2\/media?parent=122997"}],"wp:term":[{"taxonomy":"category","embeddable":true,"href":"https:\/\/vinasfm.com\/noticias\/wp-json\/wp\/v2\/categories?post=122997"},{"taxonomy":"post_tag","embeddable":true,"href":"https:\/\/vinasfm.com\/noticias\/wp-json\/wp\/v2\/tags?post=122997"}],"curies":[{"name":"wp","href":"https:\/\/api.w.org\/{rel}","templated":true}]}}