{"id":122986,"date":"2023-06-06T20:28:27","date_gmt":"2023-06-06T23:28:27","guid":{"rendered":"https:\/\/vinasfm.com\/noticias\/?p=122986"},"modified":"2023-06-07T10:54:02","modified_gmt":"2023-06-07T13:54:02","slug":"preocupacion-una-perdida-gas-de-gas-en-la-escuela-1-299-fuerte-nuevo","status":"publish","type":"post","link":"https:\/\/vinasfm.com\/noticias\/preocupacion-una-perdida-gas-de-gas-en-la-escuela-1-299-fuerte-nuevo\/","title":{"rendered":"PREOCUPACI\u00d3N POR UNA PERDIDA DE GAS EN LA ESCUELA 1-299 FUERTE NUEVO"},"content":{"rendered":"<p><strong>Hace m\u00e1s de 5 d\u00edas que la escuela 1-299, ubicada en El Ceibo, presenta una perdida de gas.\u00a0<\/strong><\/p>\n<p>Por su parte, la concejal <strong><span style=\"color: #800080;\">Raquel Yunes<\/span><\/strong>, relat\u00f3 <strong><em>\u00abtenemos conocimiento que desde el mi\u00e9rcoles de la semana anterior ya estaban sin gas por una p\u00e9rdida en el sepeline. Los padres decidieron no enviar a los ni\u00f1os a la escuela por el peligro que representaba\u00bb.<\/em><\/strong><\/p>\n<p>Seg\u00fan explic\u00f3 Yunes <em><b>\u00aben un primer momento se cre\u00eda que el problema estaba en el sepeline, pero luego de realizar los arreglos correspondientes la perdida continuaba. El edificio tiene muchos a\u00f1os por lo cual la ca\u00f1er\u00eda de gas est\u00e1 muy da\u00f1ada y hay perdidas pr\u00e1cticamente en todas las aulas\u00bb.<\/b><\/em><\/p>\n<p>Y aunque los alumnos no est\u00e9n asistiendo a la instituci\u00f3n, las fugas de gas pone en riesgo la salud de los docentes que deben continuar asistiendo al establecimiento, los cuales algunos hab\u00edan presentado s\u00edntomas.<strong><em> \u00abEllos tienen que permanecer en el establecimiento porque los padres van a buscar las tareas o actividades para sus chicos, y a las doce el proveedor le lleva la vianda, as\u00ed que tambi\u00e9n van los padres a retirarla\u00bb<\/em><\/strong> remarc\u00f3 la edil y agreg\u00f3 <strong><em>\u00abpor un lado estamos cuidando a los ni\u00f1os, que est\u00e1 perfecto, pero. \u00bfQui\u00e9n cuida a los docentes?\u00bb.<\/em><\/strong><\/p>\n<p>La concejal hizo hincapi\u00e9 en que <strong><em>\u00abhay que garantizar la educaci\u00f3n de calidad de los alumnos y eso incluye el mantenimiento de las instituciones\u00bb<\/em><\/strong>, es por eso que desde el HCD se realiz\u00f3 un pedido de informe <strong><em>\u00absolicitando al ejecutivo saber cu\u00e1les fueron las inversiones realizadas el a\u00f1o pasado en cada escuela del departamento\u00bb.\u00a0<\/em><\/strong><\/p>\n<p>Es alarmante conocer que no es la primera escuela que presenta problemas de infraestructura debido a la falta de mantenimiento. Recordemos que en el mes de marzo, alumnos y personal de la escuela N\u00b0 1-236 Mar\u00eda Elena Arduino de Devoto, tuvieron que abandonar el edificio por la mala condici\u00f3n en la que se encontraba parte del techo.<\/p>\n<h2>Qu\u00e9 dicen las autoridades<\/h2>\n<p>Desde <span style=\"color: #333399;\"><strong>FM VI\u00d1AS<\/strong><\/span> tomamos contacto con la Delegada Departamental de la DGE, <strong><span style=\"color: #800080;\">Magal\u00ed Oneschuk<\/span><\/strong>, quien expres\u00f3<strong><em> \u00abel jueves recibimos el reclamo de la directora por una perdida de gas e inmediatamente se llam\u00f3 a infraestructura. El viernes nos indicaron en d\u00f3nde se encontraba cada perdida y se logr\u00f3 habilitar la cocina de la escuela, hoy esperamos que ya culminen los arreglos en toda la instituci\u00f3n\u00bb. <\/em><\/strong>Una parte importante de las perdidas se encontraban bajo el play\u00f3n deportivo.<\/p>\n<p>Oneschuk estim\u00f3 que este mi\u00e9rcoles, 7 de junio, se podr\u00edan retomar las actividades con total normalidad.<\/p>\n<p>&nbsp;<\/p>\n","protected":false},"excerpt":{"rendered":"<p>Hace m\u00e1s de 5 d\u00edas que la escuela 1-299, ubicada en El Ceibo, presenta una perdida de gas.\u00a0 Por su parte, &#8230;<\/p>\n","protected":false},"author":7,"featured_media":123001,"comment_status":"open","ping_status":"open","sticky":false,"template":"","format":"standard","meta":{"footnotes":""},"categories":[5,10],"tags":[],"class_list":["post-122986","post","type-post","status-publish","format-standard","has-post-thumbnail","hentry","category-actualidad","category-destacadas"],"_links":{"self":[{"href":"https:\/\/vinasfm.com\/noticias\/wp-json\/wp\/v2\/posts\/122986","targetHints":{"allow":["GET"]}}],"collection":[{"href":"https:\/\/vinasfm.com\/noticias\/wp-json\/wp\/v2\/posts"}],"about":[{"href":"https:\/\/vinasfm.com\/noticias\/wp-json\/wp\/v2\/types\/post"}],"author":[{"embeddable":true,"href":"https:\/\/vinasfm.com\/noticias\/wp-json\/wp\/v2\/users\/7"}],"replies":[{"embeddable":true,"href":"https:\/\/vinasfm.com\/noticias\/wp-json\/wp\/v2\/comments?post=122986"}],"version-history":[{"count":5,"href":"https:\/\/vinasfm.com\/noticias\/wp-json\/wp\/v2\/posts\/122986\/revisions"}],"predecessor-version":[{"id":123006,"href":"https:\/\/vinasfm.com\/noticias\/wp-json\/wp\/v2\/posts\/122986\/revisions\/123006"}],"wp:featuredmedia":[{"embeddable":true,"href":"https:\/\/vinasfm.com\/noticias\/wp-json\/wp\/v2\/media\/123001"}],"wp:attachment":[{"href":"https:\/\/vinasfm.com\/noticias\/wp-json\/wp\/v2\/media?parent=122986"}],"wp:term":[{"taxonomy":"category","embeddable":true,"href":"https:\/\/vinasfm.com\/noticias\/wp-json\/wp\/v2\/categories?post=122986"},{"taxonomy":"post_tag","embeddable":true,"href":"https:\/\/vinasfm.com\/noticias\/wp-json\/wp\/v2\/tags?post=122986"}],"curies":[{"name":"wp","href":"https:\/\/api.w.org\/{rel}","templated":true}]}}