{"id":122972,"date":"2023-06-06T08:54:19","date_gmt":"2023-06-06T11:54:19","guid":{"rendered":"https:\/\/vinasfm.com\/noticias\/?p=122972"},"modified":"2023-06-07T09:13:58","modified_gmt":"2023-06-07T12:13:58","slug":"la-banda-sinfonica-nacional-de-ciegos-pascual-grisolia-estuvo-presente-en-el-departamento","status":"publish","type":"post","link":"https:\/\/vinasfm.com\/noticias\/la-banda-sinfonica-nacional-de-ciegos-pascual-grisolia-estuvo-presente-en-el-departamento\/","title":{"rendered":"LA BANDA SINF\u00d3NICA NACIONAL DE CIEGOS, \u201cPASCUAL GRISOL\u00cdA\u201d, ESTUVO PRESENTE EN EL DEPARTAMENTO"},"content":{"rendered":"<p><em><strong>La Banda Sinf\u00f3nica Nacional de Ciegos brind\u00f3 capacitaciones en Alvear en Musicograf\u00eda en Braille y tecnolog\u00eda para mejorar la accesibilidad.<\/strong><\/em><\/p>\n<p><em><strong>\u201cTenemos presente en el departamento a parte de la Banda Sinf\u00f3nica Nacional de Ciegos, junto a su coordinador art\u00edstico y programador, <\/strong><strong>Marcos Gonz\u00e1lez<\/strong> <strong>y algunos t\u00e9cnicos. Hoy est\u00e1n contando la historia de sus vidas y c\u00f3mo se incorporaron a la Sinf\u00f3nica Nacional\u201d<\/strong><\/em>, expres\u00f3 la concejal <span style=\"color: #800080;\"><strong>Hebe Katzer.<\/strong><\/span><\/p>\n<p>La funcionaria reconoci\u00f3 que<strong><em> \u201cestas experiencias sirven para enriquecer \u00a0a los artistas\u201d y record\u00f3 \u201cesto empez\u00f3 hace m\u00e1s de un a\u00f1o, a trav\u00e9s de un Zoom, en donde conoc\u00ed a Marcos, y bueno, y ah\u00ed empezamos a programar todos estos talleres. Pudimos hacer esta capacitaci\u00f3n, integrando al IES Salvador Calafat, y tambi\u00e9n a la escuela Alberto Williams\u201d.<\/em><\/strong><\/p>\n<p>Por su parte, <span style=\"color: #800080;\"><strong>Marcos Gonz\u00e1lez <\/strong><\/span>sostuvo <strong><em>\u00abla idea es que es que esto despu\u00e9s se sostenga y se mantenga en el tiempo, que sea un un intercambio, un puente\u00bb.\u00a0<\/em><\/strong> Adem\u00e1s expres\u00f3 <em><b>\u00abhoy la m\u00fasica es un lenguaje universal, por eso es importante que dictemos estos talleres que buscan ofrecer acceso a herramientas culturales y educativas, y generar una integraci\u00f3n\u00bb.\u00a0<\/b><\/em><\/p>\n<p><a href=\"http:\/\/vinasfm.com\/noticias\/wp-content\/uploads\/2023\/06\/40a2cea2-8f98-4ab9-8852-9461fa9befc7.jpg\"><img loading=\"lazy\" decoding=\"async\" class=\"alignnone wp-image-122982\" src=\"http:\/\/vinasfm.com\/noticias\/wp-content\/uploads\/2023\/06\/40a2cea2-8f98-4ab9-8852-9461fa9befc7.jpg\" alt=\"\" width=\"350\" height=\"197\" srcset=\"https:\/\/vinasfm.com\/noticias\/wp-content\/uploads\/2023\/06\/40a2cea2-8f98-4ab9-8852-9461fa9befc7.jpg 1600w, https:\/\/vinasfm.com\/noticias\/wp-content\/uploads\/2023\/06\/40a2cea2-8f98-4ab9-8852-9461fa9befc7-300x169.jpg 300w, https:\/\/vinasfm.com\/noticias\/wp-content\/uploads\/2023\/06\/40a2cea2-8f98-4ab9-8852-9461fa9befc7-1024x576.jpg 1024w, https:\/\/vinasfm.com\/noticias\/wp-content\/uploads\/2023\/06\/40a2cea2-8f98-4ab9-8852-9461fa9befc7-768x432.jpg 768w, https:\/\/vinasfm.com\/noticias\/wp-content\/uploads\/2023\/06\/40a2cea2-8f98-4ab9-8852-9461fa9befc7-1536x864.jpg 1536w, https:\/\/vinasfm.com\/noticias\/wp-content\/uploads\/2023\/06\/40a2cea2-8f98-4ab9-8852-9461fa9befc7-750x420.jpg 750w, https:\/\/vinasfm.com\/noticias\/wp-content\/uploads\/2023\/06\/40a2cea2-8f98-4ab9-8852-9461fa9befc7-1140x641.jpg 1140w\" sizes=\"auto, (max-width: 350px) 100vw, 350px\" \/><\/a> <a href=\"http:\/\/vinasfm.com\/noticias\/wp-content\/uploads\/2023\/06\/196089f7-96e4-4f3f-98ae-b167da5b91f9.jpg\"><img loading=\"lazy\" decoding=\"async\" class=\"alignnone wp-image-122983\" src=\"http:\/\/vinasfm.com\/noticias\/wp-content\/uploads\/2023\/06\/196089f7-96e4-4f3f-98ae-b167da5b91f9.jpg\" alt=\"\" width=\"350\" height=\"197\" srcset=\"https:\/\/vinasfm.com\/noticias\/wp-content\/uploads\/2023\/06\/196089f7-96e4-4f3f-98ae-b167da5b91f9.jpg 1600w, https:\/\/vinasfm.com\/noticias\/wp-content\/uploads\/2023\/06\/196089f7-96e4-4f3f-98ae-b167da5b91f9-300x169.jpg 300w, https:\/\/vinasfm.com\/noticias\/wp-content\/uploads\/2023\/06\/196089f7-96e4-4f3f-98ae-b167da5b91f9-1024x576.jpg 1024w, https:\/\/vinasfm.com\/noticias\/wp-content\/uploads\/2023\/06\/196089f7-96e4-4f3f-98ae-b167da5b91f9-768x432.jpg 768w, https:\/\/vinasfm.com\/noticias\/wp-content\/uploads\/2023\/06\/196089f7-96e4-4f3f-98ae-b167da5b91f9-1536x864.jpg 1536w, https:\/\/vinasfm.com\/noticias\/wp-content\/uploads\/2023\/06\/196089f7-96e4-4f3f-98ae-b167da5b91f9-750x420.jpg 750w, https:\/\/vinasfm.com\/noticias\/wp-content\/uploads\/2023\/06\/196089f7-96e4-4f3f-98ae-b167da5b91f9-1140x641.jpg 1140w\" sizes=\"auto, (max-width: 350px) 100vw, 350px\" \/><\/a> <a href=\"http:\/\/vinasfm.com\/noticias\/wp-content\/uploads\/2023\/06\/f7e469e8-70e6-45f4-b8f0-aae12c3c391c.jpg\"><img loading=\"lazy\" decoding=\"async\" class=\"alignnone wp-image-122984\" src=\"http:\/\/vinasfm.com\/noticias\/wp-content\/uploads\/2023\/06\/f7e469e8-70e6-45f4-b8f0-aae12c3c391c.jpg\" alt=\"\" width=\"350\" height=\"197\" srcset=\"https:\/\/vinasfm.com\/noticias\/wp-content\/uploads\/2023\/06\/f7e469e8-70e6-45f4-b8f0-aae12c3c391c.jpg 1600w, https:\/\/vinasfm.com\/noticias\/wp-content\/uploads\/2023\/06\/f7e469e8-70e6-45f4-b8f0-aae12c3c391c-300x169.jpg 300w, https:\/\/vinasfm.com\/noticias\/wp-content\/uploads\/2023\/06\/f7e469e8-70e6-45f4-b8f0-aae12c3c391c-1024x576.jpg 1024w, https:\/\/vinasfm.com\/noticias\/wp-content\/uploads\/2023\/06\/f7e469e8-70e6-45f4-b8f0-aae12c3c391c-768x432.jpg 768w, https:\/\/vinasfm.com\/noticias\/wp-content\/uploads\/2023\/06\/f7e469e8-70e6-45f4-b8f0-aae12c3c391c-1536x864.jpg 1536w, https:\/\/vinasfm.com\/noticias\/wp-content\/uploads\/2023\/06\/f7e469e8-70e6-45f4-b8f0-aae12c3c391c-750x420.jpg 750w, https:\/\/vinasfm.com\/noticias\/wp-content\/uploads\/2023\/06\/f7e469e8-70e6-45f4-b8f0-aae12c3c391c-1140x641.jpg 1140w\" sizes=\"auto, (max-width: 350px) 100vw, 350px\" \/><\/a> <a href=\"http:\/\/vinasfm.com\/noticias\/wp-content\/uploads\/2023\/06\/610361f6-e56f-43e2-abc5-f325d8ccc446.jpg\"><img loading=\"lazy\" decoding=\"async\" class=\"alignnone wp-image-122985\" src=\"http:\/\/vinasfm.com\/noticias\/wp-content\/uploads\/2023\/06\/610361f6-e56f-43e2-abc5-f325d8ccc446.jpg\" alt=\"\" width=\"350\" height=\"197\" srcset=\"https:\/\/vinasfm.com\/noticias\/wp-content\/uploads\/2023\/06\/610361f6-e56f-43e2-abc5-f325d8ccc446.jpg 1600w, https:\/\/vinasfm.com\/noticias\/wp-content\/uploads\/2023\/06\/610361f6-e56f-43e2-abc5-f325d8ccc446-300x169.jpg 300w, https:\/\/vinasfm.com\/noticias\/wp-content\/uploads\/2023\/06\/610361f6-e56f-43e2-abc5-f325d8ccc446-1024x576.jpg 1024w, https:\/\/vinasfm.com\/noticias\/wp-content\/uploads\/2023\/06\/610361f6-e56f-43e2-abc5-f325d8ccc446-768x432.jpg 768w, https:\/\/vinasfm.com\/noticias\/wp-content\/uploads\/2023\/06\/610361f6-e56f-43e2-abc5-f325d8ccc446-1536x864.jpg 1536w, https:\/\/vinasfm.com\/noticias\/wp-content\/uploads\/2023\/06\/610361f6-e56f-43e2-abc5-f325d8ccc446-750x420.jpg 750w, https:\/\/vinasfm.com\/noticias\/wp-content\/uploads\/2023\/06\/610361f6-e56f-43e2-abc5-f325d8ccc446-1140x641.jpg 1140w\" sizes=\"auto, (max-width: 350px) 100vw, 350px\" \/><\/a><\/p>\n<p>La capacitaci\u00f3n se llev\u00f3 a cabo los d\u00edas lunes 5 y martes 6 de junio en el SUM de Cecsagal.<\/p>\n<h2 class=\"activities-sidbar\">Banda Sinf\u00f3nica Nacional de Ciegos<\/h2>\n<p>La\u00a0<strong>Banda Sinf\u00f3nica Nacional de Ciegos<\/strong>\u00a0es la \u00fanica en su tipo en el mundo. Integrada por 55 m\u00fasicos no videntes, ofrece un repertorio de m\u00e1s de 250 composiciones, en la que conviven obras universales consagradas, creaciones de autores argentinos, m\u00fasica popular y piezas originales para banda sinf\u00f3nica.<\/p>\n<p>&nbsp;<\/p>\n<p><iframe loading=\"lazy\" title=\"Banda Sinf\u00f3nica Nacional de Ciegos - Tecn\u00f3polis 2022 en VIVO - 27\/8 17.30 h\" width=\"1140\" height=\"641\" src=\"https:\/\/www.youtube.com\/embed\/z7RT27u5qyk?feature=oembed\" frameborder=\"0\" allow=\"accelerometer; autoplay; clipboard-write; encrypted-media; gyroscope; picture-in-picture; web-share\" allowfullscreen><\/iframe><\/p>\n<p>La\u00a0<strong>Banda Sinf\u00f3nica Nacional de Ciegos<\/strong>\u00a0perteneciente al\u00a0<strong>Ministerio de Cultura de la Naci\u00f3n<\/strong>, lleva el nombre de su fundador el Mtro \u201cPascual Grisol\u00eda\u201d, quien en 1939 inici\u00f3 una escuela de instrumentos de viento en el Patronato Nacional de Ciegos. El 15 de octubre de 1947 brind\u00f3 su concierto inaugural convirti\u00e9ndose as\u00ed en pionera en el mundo. Transcurridos 75 a\u00f1os de trayectoria, ha llevado a cabo una notable actividad art\u00edstica, cultural, social y pedag\u00f3gica, a trav\u00e9s de sus presentaciones en diversas regiones de todo el pa\u00eds. En 1997, la UNESCO le otorg\u00f3 el Gran Premio Camu \u201cpor los extraordinarios aportes en beneficio de la comunidad\u201d.<\/p>\n<p>En octubre de 2012, obtuvo la Menci\u00f3n de Honor \u201cDomingo Faustino Sarmiento\u201d, m\u00e1xima distinci\u00f3n otorgada por el Honorable Senado de la Naci\u00f3n Argentina, en reconocimiento \u201ca su obra destinada a mejorar la calidad de vida de sus semejantes, de las instituciones y de sus comunidades\u201d. Se suman a estas menciones, diversas declaraciones de inter\u00e9s cultural por conciertos de distintas temporadas por organismos municipales, provinciales y nacionales.<\/p>\n","protected":false},"excerpt":{"rendered":"<p>La Banda Sinf\u00f3nica Nacional de Ciegos brind\u00f3 capacitaciones en Alvear en Musicograf\u00eda en Braille y tecnolog\u00eda para mejorar la accesibilidad. \u201cTenemos &#8230;<\/p>\n","protected":false},"author":7,"featured_media":122981,"comment_status":"open","ping_status":"open","sticky":false,"template":"","format":"standard","meta":{"footnotes":""},"categories":[5,10],"tags":[],"class_list":["post-122972","post","type-post","status-publish","format-standard","has-post-thumbnail","hentry","category-actualidad","category-destacadas"],"_links":{"self":[{"href":"https:\/\/vinasfm.com\/noticias\/wp-json\/wp\/v2\/posts\/122972","targetHints":{"allow":["GET"]}}],"collection":[{"href":"https:\/\/vinasfm.com\/noticias\/wp-json\/wp\/v2\/posts"}],"about":[{"href":"https:\/\/vinasfm.com\/noticias\/wp-json\/wp\/v2\/types\/post"}],"author":[{"embeddable":true,"href":"https:\/\/vinasfm.com\/noticias\/wp-json\/wp\/v2\/users\/7"}],"replies":[{"embeddable":true,"href":"https:\/\/vinasfm.com\/noticias\/wp-json\/wp\/v2\/comments?post=122972"}],"version-history":[{"count":2,"href":"https:\/\/vinasfm.com\/noticias\/wp-json\/wp\/v2\/posts\/122972\/revisions"}],"predecessor-version":[{"id":123004,"href":"https:\/\/vinasfm.com\/noticias\/wp-json\/wp\/v2\/posts\/122972\/revisions\/123004"}],"wp:featuredmedia":[{"embeddable":true,"href":"https:\/\/vinasfm.com\/noticias\/wp-json\/wp\/v2\/media\/122981"}],"wp:attachment":[{"href":"https:\/\/vinasfm.com\/noticias\/wp-json\/wp\/v2\/media?parent=122972"}],"wp:term":[{"taxonomy":"category","embeddable":true,"href":"https:\/\/vinasfm.com\/noticias\/wp-json\/wp\/v2\/categories?post=122972"},{"taxonomy":"post_tag","embeddable":true,"href":"https:\/\/vinasfm.com\/noticias\/wp-json\/wp\/v2\/tags?post=122972"}],"curies":[{"name":"wp","href":"https:\/\/api.w.org\/{rel}","templated":true}]}}