{"id":122965,"date":"2023-06-06T10:37:23","date_gmt":"2023-06-06T13:37:23","guid":{"rendered":"https:\/\/vinasfm.com\/noticias\/?p=122965"},"modified":"2023-06-06T21:20:50","modified_gmt":"2023-06-07T00:20:50","slug":"para-bajar-errores-con-la-boleta-unica-la-junta-electoral-planea-hacer-200-capacitaciones-esta-semana","status":"publish","type":"post","link":"https:\/\/vinasfm.com\/noticias\/para-bajar-errores-con-la-boleta-unica-la-junta-electoral-planea-hacer-200-capacitaciones-esta-semana\/","title":{"rendered":"PARA BAJAR ERRORES CON LA BOLETA \u00daNICA, LA JUNTA ELECTORAL PLANEA HACER 200 CAPACITACIONES ESTA SEMANA"},"content":{"rendered":"<p><strong>Ya comenzaron a realizarse en casi todos los departamentos y tambi\u00e9n de modo virtual. Habr\u00e1 cuestionarios especiales para los capacitadores y una base de datos para autoridades de mesa de las elecciones 2023. Todo, a d\u00edas de que casi un mill\u00f3n de personas deba usarla por primera vez.<\/strong><\/p>\n<p>Quedan\u00a0<strong>menos de seis d\u00edas para votar<\/strong>\u00a0y, adem\u00e1s de los desaf\u00edos electorales del oficialismo, en el Gobierno hay otro punto que genera ansiedad: c\u00f3mo se comportar\u00e1\u00a0la<strong>\u00a0boleta \u00fanica<\/strong>\u00a0en la mayor prueba que va a tener durante 2023:\u00a0<strong>las PASO del 11 de junio<\/strong>. Tras el alto \u00edndice de\u00a0<strong>voto nulo<\/strong>\u00a0en las desdobladas de siete municipios, y ante la incertidumbre sobre cu\u00e1nto logr\u00f3 internalizarse la ciudadan\u00eda sobre el instrumento, comenzaron a hacerse\u00a0<strong>casi 40 charlas diarias<\/strong>\u00a0y tanto en el Ejecutivo como en la\u00a0<strong>Junta Electoral<\/strong>\u00a0esperan lograr\u00a0<strong>200 capacitaciones<\/strong>\u00a0m\u00e1s, tan s\u00f3lo en esta semana.<\/p>\n<p><strong>Unos 35 encuentros por d\u00eda, a raz\u00f3n de cuatro por departamento<\/strong>, aproximadamente (y no en todas las comunas, como surge al hacer la cuenta). As\u00ed est\u00e1 trabajando el Ministerio de Gobierno en concordancia con municipios y con la Junta, para\u00a0<strong>llegar a las primarias con el mayor nivel de concientizaci\u00f3n posible en torno al instrumento.<\/strong>\u00a0Si lo lograr\u00e1 o no, quedar\u00e1 de manifiesto con algunos puntos demarcatorios, como el nivel de votos que terminen siendo anulados, otra vez, y la cantidad de errores que puedan conducir a esas anulaciones y que\u00a0<strong>se ver\u00edan al analizar las urnas.<\/strong>\u00a0En abril, dos comunas tuvieron m\u00e1s del 8%.<\/p>\n<p>Estas convocatorias vienen haci\u00e9ndose de lunes a viernes<strong>\u00a0cerca de las 20, para poder concertar a la mayor cantidad de personas posible, y los s\u00e1bados a las 11 y las 15 horas.\u00a0<\/strong>Este fin de semana ser\u00e1 de mucha intensidad, antes del domingo en que el instrumento\u00a0<strong>tendr\u00e1 su gran evaluaci\u00f3n<\/strong>, cara a cara con los m\u00e1s de un\u00a0<strong>mill\u00f3n de electores que tiene la provincia.<\/strong><\/p>\n<p><strong>Inclusive, se instaur\u00f3 un cuestionario digital para algunos de los que participan de las capacitaciones.<\/strong>\u00a0El objetivo de las preguntas es saber cu\u00e1nto se comprendi\u00f3 acerca del funcionamiento de la boleta, y a su vez, permite\u00a0<strong>conocer cu\u00e1les son los puntos flojos o las cuestiones que no logran ser comprendidas del todo:\u00a0<\/strong>a cu\u00e1ntos puede votarse por frente, c\u00f3mo funciona el casillero de<strong>\u00a0\u00abvoto lista completa\u00bb<\/strong>, etc\u00e9tera. A partir de eso, se pueden corregir las charlas futuras y tambi\u00e9n aclarar las dudas de los votantes en torno a esos \u00edtems espec\u00edficos.<\/p>\n<p>En algunos de los encuentros\u00a0<strong>llega a haber hasta 80 personas,<\/strong>\u00a0seg\u00fan confirmaron desde Casa de Gobierno. Se hacen con delegados de las comunas y con el apoyo de las distintas intendencias, que muchas veces ponen el lugar f\u00edsico para que puedan juntarse los capacitadores con quienes van a escucharlos: as\u00ed, los di\u00e1logos se han hecho en clubes, delegaciones municipales y edificios p\u00fablicos. Aunque tambi\u00e9n hubo tiempo \u2013y habr\u00eda esta semana-\u00a0<strong>para algunas conversaciones a distancia, a trav\u00e9s de las plataformas Zoom y Meet.<\/strong><\/p>\n<h2>Primera meta: bajar el voto nulo<\/h2>\n<p>Para el Ejecutivo y la Junta Electoral, una de las metas centrales de cara al domingo es<strong>\u00a0que no se repita el alto \u00edndice de sufragios anulados<\/strong>.<\/p>\n<p>Puertas adentro se ponen objetivos puntuales:\u00a0<strong>bajar del 8% en las comunas m\u00e1s populosas es uno de ellos.<\/strong>\u00a0\u201cYa disminuir ese nivel ser\u00eda un logro; aunque la marca hist\u00f3rica para Mendoz<strong>a es del 1,5% o poco m\u00e1s del 2%. Ser\u00eda bueno llevarlo a esos m\u00e1rgenes\u201d,<\/strong>\u00a0cuentan.<\/p>\n<p>Lo cierto es que no s\u00f3lo los errores llevaron a esas cifras.\u00a0<strong>La misma ciudadan\u00eda sali\u00f3 a manifestar en redes sociales o a trav\u00e9s de distintos mensajes p\u00fablicos que tambi\u00e9n hab\u00eda anulados deliberados.\u00a0<\/strong>Es decir, gente que buscaba que su voto no valiese nada por distintas razones.<\/p>\n<p>Una de las m\u00e1s preponderantes\u00a0<strong>\u2013y se observa tambi\u00e9n con el nivel de participaci\u00f3n-<\/strong>\u00a0es cierta apat\u00eda y\/o enojo para con la dirigencia de la provincia y el pa\u00eds. Enojados o desilusionados, tambi\u00e9n hubo quienes quisieron<strong>\u00a0\u00abtirar\u00bb su sufragio para no d\u00e1rselo a ning\u00fan nombre propio.<\/strong><\/p>\n<p>M\u00e1s all\u00e1 de eso, s\u00ed es cierto que\u00a0<strong>hubo equivocaciones y que muchas de ellas tuvieron que ver con la falta de comprensi\u00f3n<\/strong>. Por ejemplo, lo que cuentan quienes pudieron ver las boletas, una vez sacadas de las urnas, es que hubo fallas muy comunes y que demostraron a las claras que\u00a0<strong>la intenci\u00f3n era votar positivamente.<\/strong>\u00a0O al menos, eso parec\u00eda.<\/p>\n<p>Uno de ellos fue realizado por personas que\u00a0<strong>marcaron a todos los precandidatos de un mismo frente<\/strong>. Por ejemplo, como si ahora se votase, en simult\u00e1neo a los cuatro aspirantes del justicialismo, o a Alfredo Cornejo y a Luis Petri porque quieren votar a Cambia Mendoza.<\/p>\n<p><strong>\u201cNo entendieron que era una PASO\u201d,\u00a0<\/strong>comentaron desde la Junta.<\/p>\n<p><strong>Otro ejemplo claro de errores fue el que mostraba las \u201cX\u201d<\/strong>\u00a0o las tildes fuera del recuadro del voto. A veces sobre la cara de los precandidatos, o cerca del nombre \u2013suyo o de la coalici\u00f3n-. Finalmente, tambi\u00e9n hubo quienes\u00a0<strong>marcaban a su favorito en cada frente<\/strong>, pero haci\u00e9ndolo en absolutamente todos ellos. De tal modo que su boleta ten\u00eda a alguien de Eleg\u00ed, a alguien de Cambia, a uno del Partido Verde y a otro de la alianza del PD con Libertarios y Jubilados.<\/p>\n<p>Como un\u00a0<strong>\u201clos dos a la final\u201d<\/strong>, pero pol\u00edtico y eleccionario.<\/p>\n<div class=\"AV628be11f1759070b186149c8\">\n<div id=\"aniBox\">\n<div id=\"aniplayer_AV628be11f1759070b186149c8-1686056552968\">\n<div id=\"aniplayer_AV628be11f1759070b186149c8-1686056552968gui\">\n<div id=\"av-caption\">\n<div id=\"av-close-btn-overlay\" class=\"av-pos-top-left\"><\/div>\n<\/div>\n<\/div>\n<\/div>\n<\/div>\n<\/div>\n","protected":false},"excerpt":{"rendered":"<p>Ya comenzaron a realizarse en casi todos los departamentos y tambi\u00e9n de modo virtual. Habr\u00e1 cuestionarios especiales para los capacitadores y &#8230;<\/p>\n","protected":false},"author":7,"featured_media":122966,"comment_status":"open","ping_status":"open","sticky":false,"template":"","format":"standard","meta":{"footnotes":""},"categories":[5,23],"tags":[],"class_list":["post-122965","post","type-post","status-publish","format-standard","has-post-thumbnail","hentry","category-actualidad","category-elecciones"],"_links":{"self":[{"href":"https:\/\/vinasfm.com\/noticias\/wp-json\/wp\/v2\/posts\/122965","targetHints":{"allow":["GET"]}}],"collection":[{"href":"https:\/\/vinasfm.com\/noticias\/wp-json\/wp\/v2\/posts"}],"about":[{"href":"https:\/\/vinasfm.com\/noticias\/wp-json\/wp\/v2\/types\/post"}],"author":[{"embeddable":true,"href":"https:\/\/vinasfm.com\/noticias\/wp-json\/wp\/v2\/users\/7"}],"replies":[{"embeddable":true,"href":"https:\/\/vinasfm.com\/noticias\/wp-json\/wp\/v2\/comments?post=122965"}],"version-history":[{"count":1,"href":"https:\/\/vinasfm.com\/noticias\/wp-json\/wp\/v2\/posts\/122965\/revisions"}],"predecessor-version":[{"id":122967,"href":"https:\/\/vinasfm.com\/noticias\/wp-json\/wp\/v2\/posts\/122965\/revisions\/122967"}],"wp:featuredmedia":[{"embeddable":true,"href":"https:\/\/vinasfm.com\/noticias\/wp-json\/wp\/v2\/media\/122966"}],"wp:attachment":[{"href":"https:\/\/vinasfm.com\/noticias\/wp-json\/wp\/v2\/media?parent=122965"}],"wp:term":[{"taxonomy":"category","embeddable":true,"href":"https:\/\/vinasfm.com\/noticias\/wp-json\/wp\/v2\/categories?post=122965"},{"taxonomy":"post_tag","embeddable":true,"href":"https:\/\/vinasfm.com\/noticias\/wp-json\/wp\/v2\/tags?post=122965"}],"curies":[{"name":"wp","href":"https:\/\/api.w.org\/{rel}","templated":true}]}}