{"id":122962,"date":"2023-06-06T10:37:47","date_gmt":"2023-06-06T13:37:47","guid":{"rendered":"https:\/\/vinasfm.com\/noticias\/?p=122962"},"modified":"2023-06-07T10:42:19","modified_gmt":"2023-06-07T13:42:19","slug":"pepe-garcia-dt-del-andes-fc-gracias-a-todos-por-confiar-y-darme-la-oportunidad-de-estar-en-esta-gran-institucion","status":"publish","type":"post","link":"https:\/\/vinasfm.com\/noticias\/pepe-garcia-dt-del-andes-fc-gracias-a-todos-por-confiar-y-darme-la-oportunidad-de-estar-en-esta-gran-institucion\/","title":{"rendered":"PEPE GARC\u00cdA DT DEL ANDES FC: &#8216;GRACIAS A TODOS POR CONFIAR Y DARME LA OPORTUNIDAD DE ESTAR EN ESTA GRAN INSTITUCI\u00d3N&#8217;"},"content":{"rendered":"<h4><strong>Luego de la obtenci\u00f3n del t\u00edtulo, uno de los pilares m\u00e1ximos de la dirigencia se hizo presente en los micr\u00f3fonos de Vi\u00f1as, estamos hablando de su DT Pepe Garc\u00eda<\/strong><\/h4>\n<p>Sin dudas fue una atrapante final que se vivi\u00f3 el domingo pasado en los diferentes estadios del departamento, fue en donde Andes demostr\u00f3 el buen futbol que generaron en esta temporada, fue victoria para ellos frente a Uni\u00f3n de San Luis por 8 a 0, mientras que en el Cementerio de los Elefantes el gran Pacifico sentenciaba su participaci\u00f3n y perd\u00eda el titulo tras haber empatado con Col\u00f3n.<\/p>\n<p>Luego de la victoria <strong><span style=\"color: #3366ff;\">Pepe<\/span><\/strong> enfatizo la alegr\u00eda que se vivi\u00f3 ese d\u00eda: <em><strong>&#8216;muy contento con este triunfo, adem\u00e1s muchos saben que yo soy simpatizante del club, fue un a\u00f1o muy lindo, me dieron una oportunidad muy grande y trate de disfrutarla lo que mas pude y trate de hacer las cosas de la mejor manera, tengo un gran equipo desde el primer momento lo supe&#8217;<\/strong><\/em><\/p>\n<p><em><strong>&#8216;Despu\u00e9s estuvimos festejando, fue un largo tramo de trabajar d\u00eda a d\u00eda con todos los chicos, es un desgate muy importante tratando siempre de llevar adelante al grupo, muy lindo grupo con el cual pudimos obtener el t\u00edtulo, antes estuve dirigiendo a 10 de septiembre donde hab\u00edamos hecho una linda campa\u00f1a y bueno este a\u00f1o Andes confi\u00f3 en mi para esta nueva dirigencia&#8217;\u00a0<\/strong><\/em><\/p>\n","protected":false},"excerpt":{"rendered":"<p>Luego de la obtenci\u00f3n del t\u00edtulo, uno de los pilares m\u00e1ximos de la dirigencia se hizo presente en los micr\u00f3fonos de &#8230;<\/p>\n","protected":false},"author":7,"featured_media":122968,"comment_status":"open","ping_status":"open","sticky":false,"template":"","format":"standard","meta":{"footnotes":""},"categories":[5,3],"tags":[],"class_list":["post-122962","post","type-post","status-publish","format-standard","has-post-thumbnail","hentry","category-actualidad","category-deportes"],"_links":{"self":[{"href":"https:\/\/vinasfm.com\/noticias\/wp-json\/wp\/v2\/posts\/122962","targetHints":{"allow":["GET"]}}],"collection":[{"href":"https:\/\/vinasfm.com\/noticias\/wp-json\/wp\/v2\/posts"}],"about":[{"href":"https:\/\/vinasfm.com\/noticias\/wp-json\/wp\/v2\/types\/post"}],"author":[{"embeddable":true,"href":"https:\/\/vinasfm.com\/noticias\/wp-json\/wp\/v2\/users\/7"}],"replies":[{"embeddable":true,"href":"https:\/\/vinasfm.com\/noticias\/wp-json\/wp\/v2\/comments?post=122962"}],"version-history":[{"count":1,"href":"https:\/\/vinasfm.com\/noticias\/wp-json\/wp\/v2\/posts\/122962\/revisions"}],"predecessor-version":[{"id":122970,"href":"https:\/\/vinasfm.com\/noticias\/wp-json\/wp\/v2\/posts\/122962\/revisions\/122970"}],"wp:featuredmedia":[{"embeddable":true,"href":"https:\/\/vinasfm.com\/noticias\/wp-json\/wp\/v2\/media\/122968"}],"wp:attachment":[{"href":"https:\/\/vinasfm.com\/noticias\/wp-json\/wp\/v2\/media?parent=122962"}],"wp:term":[{"taxonomy":"category","embeddable":true,"href":"https:\/\/vinasfm.com\/noticias\/wp-json\/wp\/v2\/categories?post=122962"},{"taxonomy":"post_tag","embeddable":true,"href":"https:\/\/vinasfm.com\/noticias\/wp-json\/wp\/v2\/tags?post=122962"}],"curies":[{"name":"wp","href":"https:\/\/api.w.org\/{rel}","templated":true}]}}