{"id":122956,"date":"2023-06-06T10:30:33","date_gmt":"2023-06-06T13:30:33","guid":{"rendered":"https:\/\/vinasfm.com\/noticias\/?p=122956"},"modified":"2023-06-06T10:30:33","modified_gmt":"2023-06-06T13:30:33","slug":"valeria-martinez-hace-dos-anos-intentamos-representar-en-la-sociedad","status":"publish","type":"post","link":"https:\/\/vinasfm.com\/noticias\/valeria-martinez-hace-dos-anos-intentamos-representar-en-la-sociedad\/","title":{"rendered":"VALERIA MART\u00cdNEZ: \u201cHACE DOS A\u00d1OS INTENTAMOS REPRESENTAR EN LA SOCIEDAD\u201d"},"content":{"rendered":"<p><strong>La precandidata a concejal se refiri\u00f3 a la campa\u00f1a electoral que lleva a cabo el equipo de la Lista 501 B y afirm\u00f3 que Carlos Ponce ha logrado penetrar en la sociedad.<\/strong><\/p>\n<p><strong><em>\u201cHace m\u00e1s de dos a\u00f1os buscamos representar a toda la sociedad. Siempre sostuve que no se puede gobernar sin conocer la realidad que atraviesan los vecinos y es por eso que muchos est\u00e1n enojados con los que hacemos pol\u00edtica<\/em><\/strong>\u201d, expres\u00f3 <span style=\"color: #800080;\"><strong>Valeria Mart\u00ednez.<\/strong><\/span><\/p>\n<p><strong><em>\u00abAlvear tiene un gran potencial y nosotros buscamos potenciarlo\u201d<\/em><\/strong> manifest\u00f3 la precandidata y agreg\u00f3 <strong><em>\u201choy hay obras que est\u00e1n cerradas, como sucede con el Mercado Municipal, por eso buscamos en darle el apoyo que falta\u201d.<\/em><\/strong><\/p>\n<p>Sobre sus compa\u00f1eros de lista expres\u00f3,<strong><em> \u201ctenemos una mirada joven, social y emprendedora. Entendemos que el HCD necesita ordenarse y crear pol\u00edticas p\u00fablicas, r\u00e1pidas y de alto impacto; para que los vecinos puedan llegar a debatir y encontrar producciones\u201d.<\/em><\/strong><\/p>\n<p>Por \u00faltimo afirm\u00f3 que Ponce es el fuerte de la lista, <strong><em>\u201cdesde su paso por la gesti\u00f3n de Marcolini ha logrado pol\u00edticas p\u00fablicas que han ayudado a cambiar la realidad de muchos vecinos, como lo son la recuperaci\u00f3n de pozos, el Nodo Tecnol\u00f3gico, el Mercado Municipal y el Km 0\u201d.<\/em><\/strong><\/p>\n<h2>El contacto con la gente<\/h2>\n<p>En el recorrido que surge de la campa\u00f1a electoral, Valeria Mart\u00ednez reconoci\u00f3 que <strong><em>\u201chay un desgano en la sociedad y se nota en los j\u00f3venes, adem\u00e1s es triste escuchar que los j\u00f3venes se quieren ir de Alvear porque no encuentran oportunidades aqu\u00ed\u201d.<\/em><\/strong><\/p>\n<p><strong><em>\u201cEstas reacciones surgen de la falta de compromiso que ha tenido el sector pol\u00edtico y porque no han podido cumplir las expectativas\u201d<\/em><\/strong>, mencion\u00f3 la precandidata y concluy\u00f3 <strong><em>\u201cles quiero pedir que vayan a votar, se comprometan y nos ayuden a darle m\u00e1s oportunidades a los alvearenses\u201d.<\/em><\/strong><\/p>\n","protected":false},"excerpt":{"rendered":"<p>La precandidata a concejal se refiri\u00f3 a la campa\u00f1a electoral que lleva a cabo el equipo de la Lista 501 B &#8230;<\/p>\n","protected":false},"author":7,"featured_media":122963,"comment_status":"open","ping_status":"open","sticky":false,"template":"","format":"standard","meta":{"footnotes":""},"categories":[1],"tags":[],"class_list":["post-122956","post","type-post","status-publish","format-standard","has-post-thumbnail","hentry","category-fmvinas"],"_links":{"self":[{"href":"https:\/\/vinasfm.com\/noticias\/wp-json\/wp\/v2\/posts\/122956","targetHints":{"allow":["GET"]}}],"collection":[{"href":"https:\/\/vinasfm.com\/noticias\/wp-json\/wp\/v2\/posts"}],"about":[{"href":"https:\/\/vinasfm.com\/noticias\/wp-json\/wp\/v2\/types\/post"}],"author":[{"embeddable":true,"href":"https:\/\/vinasfm.com\/noticias\/wp-json\/wp\/v2\/users\/7"}],"replies":[{"embeddable":true,"href":"https:\/\/vinasfm.com\/noticias\/wp-json\/wp\/v2\/comments?post=122956"}],"version-history":[{"count":2,"href":"https:\/\/vinasfm.com\/noticias\/wp-json\/wp\/v2\/posts\/122956\/revisions"}],"predecessor-version":[{"id":122964,"href":"https:\/\/vinasfm.com\/noticias\/wp-json\/wp\/v2\/posts\/122956\/revisions\/122964"}],"wp:featuredmedia":[{"embeddable":true,"href":"https:\/\/vinasfm.com\/noticias\/wp-json\/wp\/v2\/media\/122963"}],"wp:attachment":[{"href":"https:\/\/vinasfm.com\/noticias\/wp-json\/wp\/v2\/media?parent=122956"}],"wp:term":[{"taxonomy":"category","embeddable":true,"href":"https:\/\/vinasfm.com\/noticias\/wp-json\/wp\/v2\/categories?post=122956"},{"taxonomy":"post_tag","embeddable":true,"href":"https:\/\/vinasfm.com\/noticias\/wp-json\/wp\/v2\/tags?post=122956"}],"curies":[{"name":"wp","href":"https:\/\/api.w.org\/{rel}","templated":true}]}}