{"id":122952,"date":"2023-06-06T09:15:48","date_gmt":"2023-06-06T12:15:48","guid":{"rendered":"https:\/\/vinasfm.com\/noticias\/?p=122952"},"modified":"2023-06-06T19:20:11","modified_gmt":"2023-06-06T22:20:11","slug":"el-gobierno-aprobo-el-contrato-de-construccion-de-una-obra-de-casi-3-mil-millones-de-pesos","status":"publish","type":"post","link":"https:\/\/vinasfm.com\/noticias\/el-gobierno-aprobo-el-contrato-de-construccion-de-una-obra-de-casi-3-mil-millones-de-pesos\/","title":{"rendered":"EL GOBIERNO APROB\u00d3 EL CONTRATO DE CONSTRUCCI\u00d3N DE UNA OBRA DE CASI 3 MIL MILLONES DE PESOS"},"content":{"rendered":"<p><strong>Se trata del acueducto ganadero Monte Coman- La Horqueta, que permitir\u00e1 ampliar la producci\u00f3n a m\u00e1s de 400 mil hect\u00e1reas.<\/strong><\/p>\n<p>El Gobierno provincial aprob\u00f3 el contrato de la construcci\u00f3n del\u00a0<strong>acueducto ganadero Monte Coman- La Horqueta<\/strong>, el cual tendr\u00e1 un valo superio a los 2.900 millones de pesos.<\/p>\n<p>La obra, que permitir\u00e1 ampliar la producci\u00f3n a m\u00e1s de 400 mil hect\u00e1reas y a 100 productores, fue adjudicada a la empresa constructora Corporaci\u00f3n del Sur SA.<\/p>\n<p><strong><em>\u201cApru\u00e9bese el Contrato de Obra P\u00fablica, \u2026, celebrado en fecha 31 de marzo de 2023, entre el Gobernador de la Provincia de Mendoza, Doctor Rodolfo Alejandro Suarez y la firma Corporaci\u00f3n del Sur SA\u201d<\/em><\/strong>, destaca el art\u00edculo 1 del decreto 1054 del Ministerio de Infraestructura, publicado este martes en el Bolet\u00edn Oficial.<\/p>\n<p>Los trabajos que tienen como objetivo\u00a0abastecer con agua a m\u00e1s 434.580 hect\u00e1reas de una parte del secano mendocino\u00a0y beneficiar a m\u00e1s de 100 productores ganaderos, tiene un plazo de ejecuci\u00f3n de 395 d\u00edas.<\/p>\n<p>En su momento, Suarez celebr\u00f3 la construcci\u00f3n del acueducto, aunque se quej\u00f3 de la incertidumbre por los costos de la obra.<strong><em> \u201cEs una obra que ha costado concretar, pero gracias al empuje ha salido adelante. Ser\u00e1 realizada con fondos exclusivamente provinciales, m\u00e1s el aporte que hagan en el futuro quienes salgan beneficiarios de este proyecto. Lo que comienza con un precio no sabemos cu\u00e1nto se termina pagando. De hecho, licitamos esta obra por $2.000 millones y se est\u00e1 adjudicando por $2.900 millones\u201c<\/em><\/strong>, explic\u00f3 el gobernador.<\/p>\n<h2 id=\"h-el-detalle-de-la-obra\" class=\"wp-block-heading\">El detalle de la obra<\/h2>\n<p>La construcci\u00f3n y operaci\u00f3n del acueducto propone una distribuci\u00f3n de agua apta para bebida de ganado, lo que permitir\u00eda mejorar la competitividad del sector ganadero, y buscar\u00e1 incrementar la productividad y la sustentabilidad de la explotaci\u00f3n que se desarrolla al norte del r\u00edo Diamante y de la Ruta Nacional 146.<\/p>\n<p>La obra busca adem\u00e1s, mejorar las condiciones socio productivas de las explotaciones agropecuarias de la zona Monte Com\u00e1n-La Horqueta a trav\u00e9s de un acueducto compuesto por 291 kil\u00f3metros de ca\u00f1er\u00eda, 31 bornas y 83 puntos de entregas que se abastecer\u00e1 desde un pozo de agua subterr\u00e1nea y se contar\u00e1 con un reservorio ubicado en las cercan\u00edas de la intersecci\u00f3n de Ruta Provincial 153 y Ruta Nacional 146.<\/p>\n<p>En tanto, la traza de la red troncal ser\u00e1 por la Ruta Nacional 146 y desde esta saldr\u00e1n derivaciones hacia los distintos ramales previstos por las Ruta Provincial 205, Ruta Provincial 77, Ruta Provincial 206 y Ruta Provincial 51.<\/p>\n<p>Finalmente, se espera que la construcci\u00f3n del acueducto favorecer\u00e1 el uso de pastizales y mejorar\u00e1 los \u00edndices de pre\u00f1ez y destete por incidencia de la calidad del agua en m\u00e1s de 40%. Adem\u00e1s, reducir\u00e1 los costos de mantenimiento de pozos, molinos, bombas y aguadas, debido a que, a trav\u00e9s del acueducto, no ser\u00e1 necesario tener esas reservas constantemente operativas.<\/p>\n","protected":false},"excerpt":{"rendered":"<p>Se trata del acueducto ganadero Monte Coman- La Horqueta, que permitir\u00e1 ampliar la producci\u00f3n a m\u00e1s de 400 mil hect\u00e1reas. El &#8230;<\/p>\n","protected":false},"author":7,"featured_media":122953,"comment_status":"open","ping_status":"open","sticky":false,"template":"","format":"standard","meta":{"footnotes":""},"categories":[5,10],"tags":[],"class_list":["post-122952","post","type-post","status-publish","format-standard","has-post-thumbnail","hentry","category-actualidad","category-destacadas"],"_links":{"self":[{"href":"https:\/\/vinasfm.com\/noticias\/wp-json\/wp\/v2\/posts\/122952","targetHints":{"allow":["GET"]}}],"collection":[{"href":"https:\/\/vinasfm.com\/noticias\/wp-json\/wp\/v2\/posts"}],"about":[{"href":"https:\/\/vinasfm.com\/noticias\/wp-json\/wp\/v2\/types\/post"}],"author":[{"embeddable":true,"href":"https:\/\/vinasfm.com\/noticias\/wp-json\/wp\/v2\/users\/7"}],"replies":[{"embeddable":true,"href":"https:\/\/vinasfm.com\/noticias\/wp-json\/wp\/v2\/comments?post=122952"}],"version-history":[{"count":1,"href":"https:\/\/vinasfm.com\/noticias\/wp-json\/wp\/v2\/posts\/122952\/revisions"}],"predecessor-version":[{"id":122954,"href":"https:\/\/vinasfm.com\/noticias\/wp-json\/wp\/v2\/posts\/122952\/revisions\/122954"}],"wp:featuredmedia":[{"embeddable":true,"href":"https:\/\/vinasfm.com\/noticias\/wp-json\/wp\/v2\/media\/122953"}],"wp:attachment":[{"href":"https:\/\/vinasfm.com\/noticias\/wp-json\/wp\/v2\/media?parent=122952"}],"wp:term":[{"taxonomy":"category","embeddable":true,"href":"https:\/\/vinasfm.com\/noticias\/wp-json\/wp\/v2\/categories?post=122952"},{"taxonomy":"post_tag","embeddable":true,"href":"https:\/\/vinasfm.com\/noticias\/wp-json\/wp\/v2\/tags?post=122952"}],"curies":[{"name":"wp","href":"https:\/\/api.w.org\/{rel}","templated":true}]}}