{"id":122943,"date":"2023-06-06T08:17:27","date_gmt":"2023-06-06T11:17:27","guid":{"rendered":"https:\/\/vinasfm.com\/noticias\/?p=122943"},"modified":"2023-06-06T19:19:21","modified_gmt":"2023-06-06T22:19:21","slug":"carlos-ponce-junto-al-senador-provincial-ernesto-mancinelli-se-refirieron-a-la-realidad-que-atraviesan-los-ciudadanos","status":"publish","type":"post","link":"https:\/\/vinasfm.com\/noticias\/carlos-ponce-junto-al-senador-provincial-ernesto-mancinelli-se-refirieron-a-la-realidad-que-atraviesan-los-ciudadanos\/","title":{"rendered":"CARLOS PONCE, JUNTO AL SENADOR PROVINCIAL ERNESTO MANCINELLI, SE REFIRIERON A LA REALIDAD QUE ATRAVIESAN LOS CIUDADANOS"},"content":{"rendered":"<p><strong>El Senador acompa\u00f1\u00f3 al precandidato a intendente en el recorrido territorial, con el objetivo de dar a conocer las propuestas de la Lista 501 B. Esta alianza busca convertir al equipo que acompa\u00f1a a Ponce en una alternativa electoral para todos los alvearenses.\u00a0<\/strong><\/p>\n<p>Seg\u00fan expres\u00f3<span style=\"color: #800080;\"><strong> Ernesto Mancinelli<\/strong><\/span>, <strong><em>\u201cla desocupaci\u00f3n no es el \u2018\u2019problema\u2019\u2019, el problema principal es la inflaci\u00f3n, trabajadores pobres, los cuales trabajan pero no llegan a cubrir sus necesidades b\u00e1sicas\u201d.<\/em><\/strong><\/p>\n<p><strong><em>\u201cSomos los responsables de llevar adelante la pol\u00edtica social, nosotros en Libre del Sur tenemos trabajo en m\u00e1s de 500 barrios de la provincia de Mendoza con comedores y dem\u00e1s, un poco de eso lo venimos construyendo hace mucho tiempo\u201d<\/em><\/strong>, expres\u00f3 el Senador Provincial y agreg\u00f3 <strong><em>\u201ctratamos de generar pol\u00edticas p\u00fablicas donde no solo se base en la contenci\u00f3n y asistencia a los m\u00e1s vulnerables, si no tambi\u00e9n a la promoci\u00f3n para poder generar trabajo genuino\u201d.<\/em><\/strong><\/p>\n<p><img loading=\"lazy\" decoding=\"async\" class=\"\" src=\"https:\/\/scontent.fcor13-2.fna.fbcdn.net\/v\/t39.30808-6\/339484981_208012671952862_569837940983432934_n.jpg?_nc_cat=107&amp;ccb=1-7&amp;_nc_sid=09cbfe&amp;_nc_ohc=j7teHJzIuz0AX-vSYKg&amp;_nc_ht=scontent.fcor13-2.fna&amp;oh=00_AfAjd9zltqsPO9mVg8l6AOyUy8P8_7B0q8uvOtfvh0PtWg&amp;oe=6483DEC7\" alt=\"Puede ser un primer plano de 1 persona y barba\" width=\"400\" height=\"403\" \/><\/p>\n<h6>Ernesto Mancinelli<\/h6>\n<p>Por su parte, <strong><span style=\"color: #800080;\">Carlos Ponce<\/span> <\/strong>explic\u00f3 que durante esta \u00faltima semana previa a las PASO, se han enfocado en el desarrollo territorial; <strong><em>\u201cJunto a Ernesto, y dirigentes de Libres del Sur, nos metimos en el desarrollo humano que tiene que ver con la educaci\u00f3n, justicia, salud, accesibilidad al agua tema que no es menor. En este \u00faltimo recorrido nos dimos cuenta que hoy d\u00eda muchos vecinos siguen con problemas de accesibilidad al agua, lo cual es lamentable y necesitan urgentemente una soluci\u00f3n\u201d.<\/em><\/strong><\/p>\n","protected":false},"excerpt":{"rendered":"<p>El Senador acompa\u00f1\u00f3 al precandidato a intendente en el recorrido territorial, con el objetivo de dar a conocer las propuestas de &#8230;<\/p>\n","protected":false},"author":7,"featured_media":120176,"comment_status":"open","ping_status":"open","sticky":false,"template":"","format":"standard","meta":{"footnotes":""},"categories":[5,7],"tags":[],"class_list":["post-122943","post","type-post","status-publish","format-standard","has-post-thumbnail","hentry","category-actualidad","category-politica"],"_links":{"self":[{"href":"https:\/\/vinasfm.com\/noticias\/wp-json\/wp\/v2\/posts\/122943","targetHints":{"allow":["GET"]}}],"collection":[{"href":"https:\/\/vinasfm.com\/noticias\/wp-json\/wp\/v2\/posts"}],"about":[{"href":"https:\/\/vinasfm.com\/noticias\/wp-json\/wp\/v2\/types\/post"}],"author":[{"embeddable":true,"href":"https:\/\/vinasfm.com\/noticias\/wp-json\/wp\/v2\/users\/7"}],"replies":[{"embeddable":true,"href":"https:\/\/vinasfm.com\/noticias\/wp-json\/wp\/v2\/comments?post=122943"}],"version-history":[{"count":3,"href":"https:\/\/vinasfm.com\/noticias\/wp-json\/wp\/v2\/posts\/122943\/revisions"}],"predecessor-version":[{"id":122960,"href":"https:\/\/vinasfm.com\/noticias\/wp-json\/wp\/v2\/posts\/122943\/revisions\/122960"}],"wp:featuredmedia":[{"embeddable":true,"href":"https:\/\/vinasfm.com\/noticias\/wp-json\/wp\/v2\/media\/120176"}],"wp:attachment":[{"href":"https:\/\/vinasfm.com\/noticias\/wp-json\/wp\/v2\/media?parent=122943"}],"wp:term":[{"taxonomy":"category","embeddable":true,"href":"https:\/\/vinasfm.com\/noticias\/wp-json\/wp\/v2\/categories?post=122943"},{"taxonomy":"post_tag","embeddable":true,"href":"https:\/\/vinasfm.com\/noticias\/wp-json\/wp\/v2\/tags?post=122943"}],"curies":[{"name":"wp","href":"https:\/\/api.w.org\/{rel}","templated":true}]}}