{"id":122877,"date":"2023-06-05T09:22:36","date_gmt":"2023-06-05T12:22:36","guid":{"rendered":"https:\/\/vinasfm.com\/noticias\/?p=122877"},"modified":"2023-06-05T11:02:01","modified_gmt":"2023-06-05T14:02:01","slug":"un-hombre-fue-detendio-por-el-hurto-de-una-moto","status":"publish","type":"post","link":"https:\/\/vinasfm.com\/noticias\/un-hombre-fue-detendio-por-el-hurto-de-una-moto\/","title":{"rendered":"UN HOMBRE FUE DETENDIO POR EL HURTO DE UNA MOTO"},"content":{"rendered":"<p>El d\u00eda s\u00e1bado en horas de la noche se toma conocimiento que en un domicilio de Barrio El Jag\u00fcel se hab\u00eda producido la sustracci\u00f3n de un ciclomotor el cual hab\u00eda sido dejado por la v\u00edctima en la v\u00eda p\u00fablica frente a su domicilio, inmediatamente con este conocimiento se aboca personal a la b\u00fasqueda como as\u00ed tambi\u00e9n personal de videovigilancia del Ceo General Alvear donde observan a trav\u00e9s de distintas c\u00e1maras circular a un ciudadano con una moto de similares caracter\u00edstica por distintas arterias, la cual finalmente es enc en inmediaciones de la iglesia Santa Catalina de Siena por lo que personal procede a la aprehensi\u00f3n de un sujeto y a la recuperaci\u00f3n del bien que hab\u00eda sido momentos antes. Aprehendido y secuestro fueron expuestos a disposici\u00f3n de la Oficina Fiscal de Comisar\u00eda 14ta.<\/p>\n","protected":false},"excerpt":{"rendered":"<p>El d\u00eda s\u00e1bado en horas de la noche se toma conocimiento que en un domicilio de Barrio El Jag\u00fcel se hab\u00eda &#8230;<\/p>\n","protected":false},"author":7,"featured_media":122879,"comment_status":"open","ping_status":"open","sticky":false,"template":"","format":"standard","meta":{"footnotes":""},"categories":[5,4],"tags":[],"class_list":["post-122877","post","type-post","status-publish","format-standard","has-post-thumbnail","hentry","category-actualidad","category-policiales"],"_links":{"self":[{"href":"https:\/\/vinasfm.com\/noticias\/wp-json\/wp\/v2\/posts\/122877","targetHints":{"allow":["GET"]}}],"collection":[{"href":"https:\/\/vinasfm.com\/noticias\/wp-json\/wp\/v2\/posts"}],"about":[{"href":"https:\/\/vinasfm.com\/noticias\/wp-json\/wp\/v2\/types\/post"}],"author":[{"embeddable":true,"href":"https:\/\/vinasfm.com\/noticias\/wp-json\/wp\/v2\/users\/7"}],"replies":[{"embeddable":true,"href":"https:\/\/vinasfm.com\/noticias\/wp-json\/wp\/v2\/comments?post=122877"}],"version-history":[{"count":1,"href":"https:\/\/vinasfm.com\/noticias\/wp-json\/wp\/v2\/posts\/122877\/revisions"}],"predecessor-version":[{"id":122884,"href":"https:\/\/vinasfm.com\/noticias\/wp-json\/wp\/v2\/posts\/122877\/revisions\/122884"}],"wp:featuredmedia":[{"embeddable":true,"href":"https:\/\/vinasfm.com\/noticias\/wp-json\/wp\/v2\/media\/122879"}],"wp:attachment":[{"href":"https:\/\/vinasfm.com\/noticias\/wp-json\/wp\/v2\/media?parent=122877"}],"wp:term":[{"taxonomy":"category","embeddable":true,"href":"https:\/\/vinasfm.com\/noticias\/wp-json\/wp\/v2\/categories?post=122877"},{"taxonomy":"post_tag","embeddable":true,"href":"https:\/\/vinasfm.com\/noticias\/wp-json\/wp\/v2\/tags?post=122877"}],"curies":[{"name":"wp","href":"https:\/\/api.w.org\/{rel}","templated":true}]}}