{"id":122867,"date":"2023-06-05T08:17:09","date_gmt":"2023-06-05T11:17:09","guid":{"rendered":"https:\/\/vinasfm.com\/noticias\/?p=122867"},"modified":"2023-06-05T10:20:55","modified_gmt":"2023-06-05T13:20:55","slug":"fotogaleria-asi-fue-la-llegada-del-tren-a-mendoza-desde-buenos-aires","status":"publish","type":"post","link":"https:\/\/vinasfm.com\/noticias\/fotogaleria-asi-fue-la-llegada-del-tren-a-mendoza-desde-buenos-aires\/","title":{"rendered":"FOTOGALER\u00cdA: AS\u00cd FUE LA LLEGADA DEL TREN A MENDOZA DESDE BUENOS AIRES"},"content":{"rendered":"<p><strong>Arrib\u00f3 a la estaci\u00f3n Palmira a las 17.25 con la totalidad de los pasajes vendidos.<\/strong><\/p>\n<p>Con una frecuencia quincenal y un trayecto que dura 28 horas, finalmente qued\u00f3 inaugurado el tramo que une Mendoza con Buenos Aires en tren.<\/p>\n<p>La unidad arrib\u00f3 a la estaci\u00f3n Palmira a las 17.25, cuando estaba previsto que lo hiciera a las 16.40 luego de haber salido de Retiro el viernes.<\/p>\n<p>El tren que llega hasta el Este mendocino pasa por 24 estaciones en provincias como San Luis,\u00a0C\u00f3rdoba, Santa Fe y\u00a0Buenos Aires.<\/p>\n<p><img loading=\"lazy\" decoding=\"async\" class=\"\" src=\"https:\/\/i0.wp.com\/newspack-elsol.s3.amazonaws.com\/wp-content\/uploads\/2023\/06\/WhatsApp-Image-2023-06-03-at-4.58.07-PM-1024x683.jpeg?resize=780%2C520&amp;ssl=1\" width=\"499\" height=\"333\" \/><\/p>\n<h6>La espera del tren en la estaci\u00f3n Palmira.<\/h6>\n<p><img loading=\"lazy\" decoding=\"async\" class=\"\" src=\"https:\/\/i0.wp.com\/newspack-elsol.s3.amazonaws.com\/wp-content\/uploads\/2023\/06\/WhatsApp-Image-2023-06-03-at-4.58.10-PM-1-1024x683.jpeg?resize=780%2C520&amp;ssl=1\" width=\"501\" height=\"334\" \/><\/p>\n<h6>Desde las 16 decenas de personas se acercaron a la estaci\u00f3n.<\/h6>\n<p><img loading=\"lazy\" decoding=\"async\" class=\"\" src=\"https:\/\/i0.wp.com\/newspack-elsol.s3.amazonaws.com\/wp-content\/uploads\/2023\/06\/WhatsApp-Image-2023-06-03-at-4.58.08-PM-1024x683.jpeg?resize=780%2C520&amp;ssl=1\" width=\"501\" height=\"334\" \/><\/p>\n<h6>As\u00ed estaba la estaci\u00f3n Palmira minutos antes de que arribe el tren que viaj\u00f3 durante 28 horas.<\/h6>\n<p><img loading=\"lazy\" decoding=\"async\" class=\"\" src=\"https:\/\/i0.wp.com\/newspack-elsol.s3.amazonaws.com\/wp-content\/uploads\/2023\/06\/WhatsApp-Image-2023-06-03-at-4.58.07-PM-2-1024x683.jpeg?resize=780%2C520&amp;ssl=1\" width=\"501\" height=\"334\" \/><\/p>\n<h6>El tren parti\u00f3 el viernes de Retiro.<\/h6>\n<p><img loading=\"lazy\" decoding=\"async\" class=\"\" src=\"https:\/\/i0.wp.com\/newspack-elsol.s3.amazonaws.com\/wp-content\/uploads\/2023\/06\/WhatsApp-Image-2023-06-03-at-6.03.03-PM-1024x766.jpeg?resize=780%2C583&amp;ssl=1\" width=\"501\" height=\"374\" \/><\/p>\n<h6>Tras m\u00e1s de 28 horas de viaje, llegaron los primeros pasajeros del tren Buenos Aires-Mendoza.<\/h6>\n<p><img loading=\"lazy\" decoding=\"async\" class=\"\" src=\"https:\/\/i0.wp.com\/newspack-elsol.s3.amazonaws.com\/wp-content\/uploads\/2023\/06\/WhatsApp-Image-2023-06-03-at-6.08.24-PM-1024x768.jpeg?resize=780%2C585&amp;ssl=1\" width=\"502\" height=\"376\" \/><\/p>\n<h6>As\u00ed es por dentro el tren que arrib\u00f3 este s\u00e1bado a Palmira.<\/h6>\n<p><img loading=\"lazy\" decoding=\"async\" class=\"alignnone\" src=\"https:\/\/i0.wp.com\/newspack-elsol.s3.amazonaws.com\/wp-content\/uploads\/2023\/06\/WhatsApp-Image-2023-06-03-at-6.04.24-PM-1024x768.jpeg?resize=780%2C585&amp;ssl=1\" width=\"502\" height=\"376\" \/><\/p>\n<h6>El pasaje del primer viaje Retiro-Palmira.<\/h6>\n<h6>Fuente: ElSol<\/h6>\n","protected":false},"excerpt":{"rendered":"<p>Arrib\u00f3 a la estaci\u00f3n Palmira a las 17.25 con la totalidad de los pasajes vendidos. Con una frecuencia quincenal y un &#8230;<\/p>\n","protected":false},"author":7,"featured_media":122868,"comment_status":"open","ping_status":"open","sticky":false,"template":"","format":"standard","meta":{"footnotes":""},"categories":[5,10],"tags":[],"class_list":["post-122867","post","type-post","status-publish","format-standard","has-post-thumbnail","hentry","category-actualidad","category-destacadas"],"_links":{"self":[{"href":"https:\/\/vinasfm.com\/noticias\/wp-json\/wp\/v2\/posts\/122867","targetHints":{"allow":["GET"]}}],"collection":[{"href":"https:\/\/vinasfm.com\/noticias\/wp-json\/wp\/v2\/posts"}],"about":[{"href":"https:\/\/vinasfm.com\/noticias\/wp-json\/wp\/v2\/types\/post"}],"author":[{"embeddable":true,"href":"https:\/\/vinasfm.com\/noticias\/wp-json\/wp\/v2\/users\/7"}],"replies":[{"embeddable":true,"href":"https:\/\/vinasfm.com\/noticias\/wp-json\/wp\/v2\/comments?post=122867"}],"version-history":[{"count":1,"href":"https:\/\/vinasfm.com\/noticias\/wp-json\/wp\/v2\/posts\/122867\/revisions"}],"predecessor-version":[{"id":122869,"href":"https:\/\/vinasfm.com\/noticias\/wp-json\/wp\/v2\/posts\/122867\/revisions\/122869"}],"wp:featuredmedia":[{"embeddable":true,"href":"https:\/\/vinasfm.com\/noticias\/wp-json\/wp\/v2\/media\/122868"}],"wp:attachment":[{"href":"https:\/\/vinasfm.com\/noticias\/wp-json\/wp\/v2\/media?parent=122867"}],"wp:term":[{"taxonomy":"category","embeddable":true,"href":"https:\/\/vinasfm.com\/noticias\/wp-json\/wp\/v2\/categories?post=122867"},{"taxonomy":"post_tag","embeddable":true,"href":"https:\/\/vinasfm.com\/noticias\/wp-json\/wp\/v2\/tags?post=122867"}],"curies":[{"name":"wp","href":"https:\/\/api.w.org\/{rel}","templated":true}]}}