{"id":122855,"date":"2023-06-05T09:18:37","date_gmt":"2023-06-05T12:18:37","guid":{"rendered":"https:\/\/vinasfm.com\/noticias\/?p=122855"},"modified":"2023-06-05T10:42:04","modified_gmt":"2023-06-05T13:42:04","slug":"jorge-perez-se-prepara-para-las-paso-y-esta-listo-para-suceder-a-marcolini","status":"publish","type":"post","link":"https:\/\/vinasfm.com\/noticias\/jorge-perez-se-prepara-para-las-paso-y-esta-listo-para-suceder-a-marcolini\/","title":{"rendered":"JORGE P\u00c9REZ SE PREPARA PARA LAS PASO Y EST\u00c1 LISTO PARA SUCEDER A MARCOLINI"},"content":{"rendered":"<p><strong>Realizando las tareas correspondientes al municipio y continuando con la campa\u00f1a electoral, el oficialismo departamental se prepara para las PASO del 11 de junio.<\/strong><\/p>\n<p>La gesti\u00f3n del actual intendente les dio mucho espacio a los artesanos en el departamento, algunos ejemplos son el \u2018Mercadito Municipal\u2019 y el nuevo \u2018Paseo del Artesano\u2019. El precandidato a intendente, Jorge P\u00e9rez, sostuvo que<strong><em> \u201chay mucha gente que necesita de estos servicios, entendiendo ese concepto vecinal por eso creo que el logro es muy importante\u201d.<\/em><\/strong><\/p>\n<p>Con la campa\u00f1a electoral llega el encuentro con la gente,<span style=\"color: #3366ff;\"><strong> Jorge P\u00e9rez<\/strong><\/span> manifest\u00f3 que no ha tenido ning\u00fan acto de agresi\u00f3n y a eso se le suma la gran aceptaci\u00f3n que ha tenido la gesti\u00f3n de Marcolini. <strong><em>\u201cSomos funcionarios p\u00fablicos y tenemos que estar preparados para recibir reclamos, muchas veces esos reclamos son pedidos. La gente va entendiendo la metodolog\u00eda de trabajo, todos queremos la mejora en la calidad de vida\u201d.<\/em><\/strong><\/p>\n<p><a href=\"http:\/\/vinasfm.com\/noticias\/wp-content\/uploads\/2023\/05\/71aa3f3e-e4b8-4902-8639-0d0f0a3f9a1f.jpg\"><img loading=\"lazy\" decoding=\"async\" class=\"wp-image-122545 aligncenter\" src=\"http:\/\/vinasfm.com\/noticias\/wp-content\/uploads\/2023\/05\/71aa3f3e-e4b8-4902-8639-0d0f0a3f9a1f.jpg\" alt=\"\" width=\"500\" height=\"249\" srcset=\"https:\/\/vinasfm.com\/noticias\/wp-content\/uploads\/2023\/05\/71aa3f3e-e4b8-4902-8639-0d0f0a3f9a1f.jpg 1600w, https:\/\/vinasfm.com\/noticias\/wp-content\/uploads\/2023\/05\/71aa3f3e-e4b8-4902-8639-0d0f0a3f9a1f-300x149.jpg 300w, https:\/\/vinasfm.com\/noticias\/wp-content\/uploads\/2023\/05\/71aa3f3e-e4b8-4902-8639-0d0f0a3f9a1f-1024x510.jpg 1024w, https:\/\/vinasfm.com\/noticias\/wp-content\/uploads\/2023\/05\/71aa3f3e-e4b8-4902-8639-0d0f0a3f9a1f-768x383.jpg 768w, https:\/\/vinasfm.com\/noticias\/wp-content\/uploads\/2023\/05\/71aa3f3e-e4b8-4902-8639-0d0f0a3f9a1f-1536x765.jpg 1536w\" sizes=\"auto, (max-width: 500px) 100vw, 500px\" \/><\/a><\/p>\n<h2>La propuesta de Marcolini<\/h2>\n<p>Antes de definir que Jorge P\u00e9rez ser\u00eda el precandidato que buscar\u00eda continuar con el trabajo del Lic. Walther Marcolini se especulaba cu\u00e1l ser\u00eda el nombre elegido. <em><strong>\u201c\u00c9l me dijo que ten\u00eda la capacidad tras haberlo representando el distrito de San Pedro del Atuel por cuatro a\u00f1os. Hoy continuar con su trabajo es un hermoso desaf\u00edo\u201d.<\/strong><\/em><\/p>\n<p>Por \u00faltimo se sum\u00f3 <span style=\"color: #3366ff;\"><strong>Marcolini<\/strong><\/span> a la conversaci\u00f3n y expres\u00f3 \u201c<strong><em>la gesti\u00f3n tiene eso de propio, por lo general los funcionarios puede cumplir un ciclo, lo importante es que exista una planificaci\u00f3n a largo plazo. En este sentido creo que estamos terminando un gobierno que a pesar de las dificultades ha podido avanzar en muchas cosas y ojala esto tenga una continuidad que nos permita avanzar en el camino de planificar una ciudad que crezca, donde los pilares fundamentales hagan que la sociedad tenga todas las herramientas que necesiten\u201d.<\/em><\/strong><\/p>\n<p>&nbsp;<\/p>\n","protected":false},"excerpt":{"rendered":"<p>Realizando las tareas correspondientes al municipio y continuando con la campa\u00f1a electoral, el oficialismo departamental se prepara para las PASO del &#8230;<\/p>\n","protected":false},"author":7,"featured_media":122880,"comment_status":"open","ping_status":"open","sticky":false,"template":"","format":"standard","meta":{"footnotes":""},"categories":[5,7],"tags":[],"class_list":["post-122855","post","type-post","status-publish","format-standard","has-post-thumbnail","hentry","category-actualidad","category-politica"],"_links":{"self":[{"href":"https:\/\/vinasfm.com\/noticias\/wp-json\/wp\/v2\/posts\/122855","targetHints":{"allow":["GET"]}}],"collection":[{"href":"https:\/\/vinasfm.com\/noticias\/wp-json\/wp\/v2\/posts"}],"about":[{"href":"https:\/\/vinasfm.com\/noticias\/wp-json\/wp\/v2\/types\/post"}],"author":[{"embeddable":true,"href":"https:\/\/vinasfm.com\/noticias\/wp-json\/wp\/v2\/users\/7"}],"replies":[{"embeddable":true,"href":"https:\/\/vinasfm.com\/noticias\/wp-json\/wp\/v2\/comments?post=122855"}],"version-history":[{"count":4,"href":"https:\/\/vinasfm.com\/noticias\/wp-json\/wp\/v2\/posts\/122855\/revisions"}],"predecessor-version":[{"id":122899,"href":"https:\/\/vinasfm.com\/noticias\/wp-json\/wp\/v2\/posts\/122855\/revisions\/122899"}],"wp:featuredmedia":[{"embeddable":true,"href":"https:\/\/vinasfm.com\/noticias\/wp-json\/wp\/v2\/media\/122880"}],"wp:attachment":[{"href":"https:\/\/vinasfm.com\/noticias\/wp-json\/wp\/v2\/media?parent=122855"}],"wp:term":[{"taxonomy":"category","embeddable":true,"href":"https:\/\/vinasfm.com\/noticias\/wp-json\/wp\/v2\/categories?post=122855"},{"taxonomy":"post_tag","embeddable":true,"href":"https:\/\/vinasfm.com\/noticias\/wp-json\/wp\/v2\/tags?post=122855"}],"curies":[{"name":"wp","href":"https:\/\/api.w.org\/{rel}","templated":true}]}}