{"id":122847,"date":"2023-06-04T13:18:54","date_gmt":"2023-06-04T16:18:54","guid":{"rendered":"https:\/\/vinasfm.com\/noticias\/?p=122847"},"modified":"2023-06-05T09:53:39","modified_gmt":"2023-06-05T12:53:39","slug":"el-dr-abel-freidemberg-informo-el-llamado-a-licitacion-para-la-construccion-de-la-nueva-posta-sanitaria-de-palermo-chico","status":"publish","type":"post","link":"https:\/\/vinasfm.com\/noticias\/el-dr-abel-freidemberg-informo-el-llamado-a-licitacion-para-la-construccion-de-la-nueva-posta-sanitaria-de-palermo-chico\/","title":{"rendered":"EL DR. ABEL FREIDEMBERG INFORM\u00d3 EL LLAMADO A LICITACI\u00d3N PARA LA CONSTRUCCI\u00d3N DE LA NUEVA POSTA SANITARIA DE PALERMO CHICO\u00a0"},"content":{"rendered":"<p><strong>Adem\u00e1s, junto a esa obra, tambi\u00e9n se realizar\u00e1 la nueva Posta Sanitaria de Valle Grande y el Centro de Salud 111 de Rodolfo Isel\u00edn.\u00a0\u00a0<\/strong><\/p>\n<p>Como gestor de dichas obras, el Dr. Abel Freidemberg manifest\u00f3: <strong><em>\u201cGracias a la decisi\u00f3n de Rodolfo Suarez y de la Ministra Ana Mar\u00eda Nadal, con alegr\u00eda informo que se llam\u00f3 a licitaci\u00f3n para la construcci\u00f3n de dos Postas Sanitarias y un Centro de Salud, proyectados y gestionados durante mi gesti\u00f3n en el Ministerio\u201d.<\/em><\/strong><\/p>\n<p>La nueva Posta Sanitaria que se construir\u00e1 en Palermo Chico, constar\u00e1 de 98m2 distribuidos en consultorio cl\u00ednico, consultorio odontol\u00f3gico, enfermer\u00eda, ba\u00f1os, administraci\u00f3n, dep\u00f3sitos, sala de espera y hall de ingreso.<\/p>\n<p><a href=\"http:\/\/vinasfm.com\/noticias\/wp-content\/uploads\/2023\/06\/IMG-20230604-WA0026.jpg\"><img loading=\"lazy\" decoding=\"async\" class=\"alignnone size-full wp-image-122849\" src=\"http:\/\/vinasfm.com\/noticias\/wp-content\/uploads\/2023\/06\/IMG-20230604-WA0026.jpg\" alt=\"\" width=\"714\" height=\"1024\" srcset=\"https:\/\/vinasfm.com\/noticias\/wp-content\/uploads\/2023\/06\/IMG-20230604-WA0026.jpg 714w, https:\/\/vinasfm.com\/noticias\/wp-content\/uploads\/2023\/06\/IMG-20230604-WA0026-209x300.jpg 209w\" sizes=\"auto, (max-width: 714px) 100vw, 714px\" \/><\/a><\/p>\n<p>A esta obra, en el mismo llamado a licitaci\u00f3n, se suma la Posta Sanitaria de Valle Grande, y el Centro de Salud N\u00ba 111 de Rodolfo Isel\u00edn de 178m2.<\/p>\n<p>Con respecto a estas inversiones en el Departamento, Freidemberg afirm\u00f3:<strong><em> \u201cEl Gobierno de Mendoza contin\u00faa invirtiendo en San Rafael para mejorarle la calidad de vida a los vecinos\u201d.<\/em><\/strong><\/p>\n","protected":false},"excerpt":{"rendered":"<p>Adem\u00e1s, junto a esa obra, tambi\u00e9n se realizar\u00e1 la nueva Posta Sanitaria de Valle Grande y el Centro de Salud 111 &#8230;<\/p>\n","protected":false},"author":7,"featured_media":122848,"comment_status":"open","ping_status":"open","sticky":false,"template":"","format":"standard","meta":{"footnotes":""},"categories":[5,10],"tags":[],"class_list":["post-122847","post","type-post","status-publish","format-standard","has-post-thumbnail","hentry","category-actualidad","category-destacadas"],"_links":{"self":[{"href":"https:\/\/vinasfm.com\/noticias\/wp-json\/wp\/v2\/posts\/122847","targetHints":{"allow":["GET"]}}],"collection":[{"href":"https:\/\/vinasfm.com\/noticias\/wp-json\/wp\/v2\/posts"}],"about":[{"href":"https:\/\/vinasfm.com\/noticias\/wp-json\/wp\/v2\/types\/post"}],"author":[{"embeddable":true,"href":"https:\/\/vinasfm.com\/noticias\/wp-json\/wp\/v2\/users\/7"}],"replies":[{"embeddable":true,"href":"https:\/\/vinasfm.com\/noticias\/wp-json\/wp\/v2\/comments?post=122847"}],"version-history":[{"count":1,"href":"https:\/\/vinasfm.com\/noticias\/wp-json\/wp\/v2\/posts\/122847\/revisions"}],"predecessor-version":[{"id":122850,"href":"https:\/\/vinasfm.com\/noticias\/wp-json\/wp\/v2\/posts\/122847\/revisions\/122850"}],"wp:featuredmedia":[{"embeddable":true,"href":"https:\/\/vinasfm.com\/noticias\/wp-json\/wp\/v2\/media\/122848"}],"wp:attachment":[{"href":"https:\/\/vinasfm.com\/noticias\/wp-json\/wp\/v2\/media?parent=122847"}],"wp:term":[{"taxonomy":"category","embeddable":true,"href":"https:\/\/vinasfm.com\/noticias\/wp-json\/wp\/v2\/categories?post=122847"},{"taxonomy":"post_tag","embeddable":true,"href":"https:\/\/vinasfm.com\/noticias\/wp-json\/wp\/v2\/tags?post=122847"}],"curies":[{"name":"wp","href":"https:\/\/api.w.org\/{rel}","templated":true}]}}