{"id":122845,"date":"2023-06-05T08:50:48","date_gmt":"2023-06-05T11:50:48","guid":{"rendered":"https:\/\/vinasfm.com\/noticias\/?p=122845"},"modified":"2023-06-05T12:06:54","modified_gmt":"2023-06-05T15:06:54","slug":"perez-bernal-es-una-buena-oportunidad-para-que-alvear-tenga-una-intendenta-mujer","status":"publish","type":"post","link":"https:\/\/vinasfm.com\/noticias\/perez-bernal-es-una-buena-oportunidad-para-que-alvear-tenga-una-intendenta-mujer\/","title":{"rendered":"P\u00c9REZ BERNAL: \u00abES UNA BUENA OPORTUNIDAD PARA QUE ALVEAR TENGA UNA INTENDENTA\u00bb"},"content":{"rendered":"<p><strong>A d\u00edas de las PASO, la precandidata de la Lista 504 A, &#8216;La Uni\u00f3n x Alvear&#8217;, manifest\u00f3 su deseo que de General Alvear tenga una mujer al frente.\u00a0<\/strong><\/p>\n<p>Andrea P\u00e9rez Bernal se refiri\u00f3 a su campa\u00f1a y expres\u00f3 que junto a su lista est\u00e1n poniendo lo mejor y mayor que tienen, <strong><i>\u00abtratando de hacernos conocer con los alvearenses para que sepan de qu\u00e9 lista somos\u00bb.<\/i><\/strong> La precandidata a la intendencia comenz\u00f3 su camino en la pol\u00edtica hace m\u00e1s de dos a\u00f1os y hoy, junto a la Lista 504 A, cuenta con la oportunidad de posicionarse en el departamento y ser gobierno. <em><b>\u00abCreo que tenemos una buena oportunidad y deseando por el bien de los alvearenses que as\u00ed sea\u00bb.<\/b><\/em><\/p>\n<p>Andrea es una de las pocas mujeres que est\u00e1n participando de forma activa en estas elecciones, no solo en el departamento sino que tambi\u00e9n en toda la provincia. Sobre ello, la precandidata manifest\u00f3; <em><b>\u00abla provincia tiene pocas mujeres en pol\u00edtica y en la Uni\u00f3n Mendocina somos dos o tres. Creo que ser\u00eda una buena oportunidad para que Alvear tenga una intendenta mujer\u00bb.\u00a0<\/b><\/em><\/p>\n<p><em><b>\u00abCreo que las mujeres tenemos tanta capacidad como los hombres y podemos aportar algo m\u00e1s a la realidad con la soluci\u00f3n de problemas, por lo tanto hombre y mujeres pueden asumir estos espacios pol\u00edticos\u00bb<\/b><\/em>, expuso P\u00e9rez Bernal y agreg\u00f3 <em><b>\u00aba las mujeres siempre nos cuesta un poco m\u00e1s ya que no dejamos de ser una sociedad machista. Sin embargo debo destacar que poco a poco esa realidad est\u00e1 cambiando\u00bb.\u00a0<\/b><\/em><\/p>\n<p>Por \u00faltimo se refiri\u00f3 a sus propuestas; <em><b>\u00abobviamente tenemos un mont\u00f3n de propuesta que abarcan todos los niveles que hacen a la sociedad. La diferencia la vamos a hacer en c\u00f3mo estamos haciendo nuestra campa\u00f1a, con valores, principios y honestidad puesta al servicio de los alvearenses\u00bb. <\/b><\/em><\/p>\n<p><em><b>\u00abEl dinero de los alvearenses puesto en el presupuesto va a ser usado de manera eficiente en aquellas necesidades que tiene el departamento, de m\u00e1s esta decir que hay muchas necesidades b\u00e1sicas en General Alvear\u00bb<\/b><\/em>, concluy\u00f3 la precandidata de la Lista 504 A, &#8216;La Uni\u00f3n x Alvear&#8217;.<\/p>\n<h6><span style=\"color: #ff6600;\">Vallejos, G.<\/span><\/h6>\n","protected":false},"excerpt":{"rendered":"<p>A d\u00edas de las PASO, la precandidata de la Lista 504 A, &#8216;La Uni\u00f3n x Alvear&#8217;, manifest\u00f3 su deseo que de &#8230;<\/p>\n","protected":false},"author":7,"featured_media":0,"comment_status":"open","ping_status":"open","sticky":false,"template":"","format":"standard","meta":{"footnotes":""},"categories":[5,7],"tags":[],"class_list":["post-122845","post","type-post","status-publish","format-standard","hentry","category-actualidad","category-politica"],"_links":{"self":[{"href":"https:\/\/vinasfm.com\/noticias\/wp-json\/wp\/v2\/posts\/122845","targetHints":{"allow":["GET"]}}],"collection":[{"href":"https:\/\/vinasfm.com\/noticias\/wp-json\/wp\/v2\/posts"}],"about":[{"href":"https:\/\/vinasfm.com\/noticias\/wp-json\/wp\/v2\/types\/post"}],"author":[{"embeddable":true,"href":"https:\/\/vinasfm.com\/noticias\/wp-json\/wp\/v2\/users\/7"}],"replies":[{"embeddable":true,"href":"https:\/\/vinasfm.com\/noticias\/wp-json\/wp\/v2\/comments?post=122845"}],"version-history":[{"count":4,"href":"https:\/\/vinasfm.com\/noticias\/wp-json\/wp\/v2\/posts\/122845\/revisions"}],"predecessor-version":[{"id":122931,"href":"https:\/\/vinasfm.com\/noticias\/wp-json\/wp\/v2\/posts\/122845\/revisions\/122931"}],"wp:attachment":[{"href":"https:\/\/vinasfm.com\/noticias\/wp-json\/wp\/v2\/media?parent=122845"}],"wp:term":[{"taxonomy":"category","embeddable":true,"href":"https:\/\/vinasfm.com\/noticias\/wp-json\/wp\/v2\/categories?post=122845"},{"taxonomy":"post_tag","embeddable":true,"href":"https:\/\/vinasfm.com\/noticias\/wp-json\/wp\/v2\/tags?post=122845"}],"curies":[{"name":"wp","href":"https:\/\/api.w.org\/{rel}","templated":true}]}}