{"id":122841,"date":"2023-06-03T11:26:16","date_gmt":"2023-06-03T14:26:16","guid":{"rendered":"https:\/\/vinasfm.com\/noticias\/?p=122841"},"modified":"2023-06-05T09:22:34","modified_gmt":"2023-06-05T12:22:34","slug":"de-marchi-mendoza-nos-necesita-mas-unidos-que-nunca-defendiendo-los-valores-del-trabajos-el-dialogo-y-la-produccion","status":"publish","type":"post","link":"https:\/\/vinasfm.com\/noticias\/de-marchi-mendoza-nos-necesita-mas-unidos-que-nunca-defendiendo-los-valores-del-trabajos-el-dialogo-y-la-produccion\/","title":{"rendered":"DE MARCHI: \u201cMENDOZA NOS NECESITA M\u00c1S UNIDOS QUE NUNCA DEFENDIENDO LOS VALORES DEL TRABAJOS, EL DI\u00c1LOGO Y LA PRODUCCI\u00d3N\u201d"},"content":{"rendered":"<p class=\"normal\"><strong><span lang=\"es\">Este viernes por la noche, el precandidato a Gobernador por \u201cLa Uni\u00f3n Mendocina\u201d, comparti\u00f3 una cena con referentes de m\u00e1s de 40 gremios y empresarios mendocinos.<\/span><\/strong><\/p>\n<p class=\"normal\"><span lang=\"es\">Con el foco puesto en mejorar la producci\u00f3n y el trabajo en la provincia, la velada estuvo coordinada por la Mesa Gremial a cargo de Ariel Pringles, referente de la Uni\u00f3n de Empleados de la Justicia de la Naci\u00f3n.<\/span><\/p>\n<p class=\"normal\"><span lang=\"es\">Entre los gremios presentes, estuvieron Petroleros Jer\u00e1rquicos, Taxistas, Canillitas, Viales, UTEDyC, Judiciales, Estaciones de Servicio, SIPEMON, Federaci\u00f3n de Municipales, APOC, Camioneros, ASIMRA, UDA, Luz y Fuerza, Farmacias, Alimentaci\u00f3n, Correo, APROTAM, APROCAM, UTA, UPCN, TEMIS, EMEPA, CAPAC, Uni\u00f3n de Obreros Empleados del Pl\u00e1stico y AMENA, entre otros.<\/span><\/p>\n<p class=\"normal\"><span lang=\"es\">Ariel Pringles, coordinador de la Mesa Gremial expres\u00f3 <strong><em>\u201cAlgunos nos tratan de locos. Locos, como dec\u00eda Einstein, es buscar resultados diferentes haciendo siempre las mismas cosas. Por eso desde la Uni\u00f3n Mendocina decimos qu\u00e9 hay que hacerlo distinto para hacerlo mejor\u201d.<\/em><\/strong><\/span><\/p>\n<p><a href=\"http:\/\/vinasfm.com\/noticias\/wp-content\/uploads\/2023\/06\/WhatsApp-Image-2023-06-03-at-11.24.38.jpeg\"><img loading=\"lazy\" decoding=\"async\" class=\"size-full wp-image-122843 aligncenter\" src=\"http:\/\/vinasfm.com\/noticias\/wp-content\/uploads\/2023\/06\/WhatsApp-Image-2023-06-03-at-11.24.38.jpeg\" alt=\"\" width=\"560\" height=\"434\" srcset=\"https:\/\/vinasfm.com\/noticias\/wp-content\/uploads\/2023\/06\/WhatsApp-Image-2023-06-03-at-11.24.38.jpeg 560w, https:\/\/vinasfm.com\/noticias\/wp-content\/uploads\/2023\/06\/WhatsApp-Image-2023-06-03-at-11.24.38-300x233.jpeg 300w\" sizes=\"auto, (max-width: 560px) 100vw, 560px\" \/><\/a><\/p>\n<p class=\"normal\"><span lang=\"es\">En tanto el precandidato a Gobernador por LAUM, Omar De Marchi sostuvo que<strong><em> \u201cpara lograr el desarrollo del empleo y la producci\u00f3n, tenemos que sentarnos todos en la misma mesa. Debemos juntarnos los que pensamos distintos para buscar las soluciones que quieren los mendocinos hacia el futuro\u201d.<\/em><\/strong><\/span><\/p>\n<p class=\"normal\"><span lang=\"es\">Adem\u00e1s agreg\u00f3 <strong><em>\u201cTenemos que trabajar juntos las empresas, los gremios y el sector p\u00fablico para lograr el verdadero desarrollo del empleo en Mendoza\u201d<\/em><\/strong> agreg\u00f3 <\/span><\/p>\n<p class=\"normal\"><span lang=\"es\">Por \u00faltimo Omar De Marchi dijo <strong><em>\u201cno tengo dudas de que vamos a gobernar a partir de diciembre y desde Mendoza seremos un faro para mostrarle al pa\u00eds todo lo que se puede hacer para crecer de verdad\u201d<\/em><\/strong>, concluy\u00f3 Omar De Marchi.<\/span><\/p>\n","protected":false},"excerpt":{"rendered":"<p>Este viernes por la noche, el precandidato a Gobernador por \u201cLa Uni\u00f3n Mendocina\u201d, comparti\u00f3 una cena con referentes de m\u00e1s de &#8230;<\/p>\n","protected":false},"author":7,"featured_media":122842,"comment_status":"open","ping_status":"open","sticky":false,"template":"","format":"standard","meta":{"footnotes":""},"categories":[5,10],"tags":[],"class_list":["post-122841","post","type-post","status-publish","format-standard","has-post-thumbnail","hentry","category-actualidad","category-destacadas"],"_links":{"self":[{"href":"https:\/\/vinasfm.com\/noticias\/wp-json\/wp\/v2\/posts\/122841","targetHints":{"allow":["GET"]}}],"collection":[{"href":"https:\/\/vinasfm.com\/noticias\/wp-json\/wp\/v2\/posts"}],"about":[{"href":"https:\/\/vinasfm.com\/noticias\/wp-json\/wp\/v2\/types\/post"}],"author":[{"embeddable":true,"href":"https:\/\/vinasfm.com\/noticias\/wp-json\/wp\/v2\/users\/7"}],"replies":[{"embeddable":true,"href":"https:\/\/vinasfm.com\/noticias\/wp-json\/wp\/v2\/comments?post=122841"}],"version-history":[{"count":2,"href":"https:\/\/vinasfm.com\/noticias\/wp-json\/wp\/v2\/posts\/122841\/revisions"}],"predecessor-version":[{"id":122883,"href":"https:\/\/vinasfm.com\/noticias\/wp-json\/wp\/v2\/posts\/122841\/revisions\/122883"}],"wp:featuredmedia":[{"embeddable":true,"href":"https:\/\/vinasfm.com\/noticias\/wp-json\/wp\/v2\/media\/122842"}],"wp:attachment":[{"href":"https:\/\/vinasfm.com\/noticias\/wp-json\/wp\/v2\/media?parent=122841"}],"wp:term":[{"taxonomy":"category","embeddable":true,"href":"https:\/\/vinasfm.com\/noticias\/wp-json\/wp\/v2\/categories?post=122841"},{"taxonomy":"post_tag","embeddable":true,"href":"https:\/\/vinasfm.com\/noticias\/wp-json\/wp\/v2\/tags?post=122841"}],"curies":[{"name":"wp","href":"https:\/\/api.w.org\/{rel}","templated":true}]}}