{"id":122837,"date":"2023-06-03T11:10:55","date_gmt":"2023-06-03T14:10:55","guid":{"rendered":"https:\/\/vinasfm.com\/noticias\/?p=122837"},"modified":"2023-06-03T11:10:55","modified_gmt":"2023-06-03T14:10:55","slug":"se-evalua-un-posible-cierre-del-paso-cristo-redentor-este-sabado-los-motivos","status":"publish","type":"post","link":"https:\/\/vinasfm.com\/noticias\/se-evalua-un-posible-cierre-del-paso-cristo-redentor-este-sabado-los-motivos\/","title":{"rendered":"SE EVAL\u00daA UN POSIBLE CIERRE DEL PASO CRISTO REDENTOR ESTE S\u00c1BADO: LOS MOTIVOS"},"content":{"rendered":"<p><strong>La situaci\u00f3n de inestabilidad en alta monta\u00f1a hace que las circunstancias no sean las \u00f3ptimas en el cruce al veicno pa\u00eds de Chile. Evaluar\u00e1n al mediod\u00eda si cierran o no la frontera.<\/strong><\/p>\n<p>Luego de comenzar con los horarios de invierno, es decir, que el\u00a0<strong>Paso Cristo Redentor<\/strong>\u00a0permanece cerrado toda la noche y reabre en las primeras horas de la ma\u00f1ana, este s\u00e1bado podr\u00eda volver a cerrar en horas del mediod\u00eda. La informaci\u00f3n fue brindada por Gendarmer\u00eda a minutos de la reapertura de las 9 de la ma\u00f1ana.<\/p>\n<p>Uno de los principales motivantes de un posible cierre es, como siempre a esta altura del a\u00f1o, la ca\u00edda de nieve que imposibilita la circulaci\u00f3n a niveles \u00f3ptimos por parte de los camiones y de aquellos particulares que manejan por las zonas de alta monta\u00f1a. El pron\u00f3stico del tiempo advert\u00eda ya desde el viernes que las condiciones para el s\u00e1bado a la tarde no eran las mejores y as\u00ed lo explicaron desde\u00a0<strong>Gendarmer\u00eda<\/strong>.<\/p>\n<p><strong><em>\u00abSe habilita el P. Cristo Redentor a las 09.00 Hs. Se est\u00e1 evaluando por parte de DNV las condiciones de Transitabilidad Segura de acuerdo con los pron\u00f3sticos de nieve a partir de las 14:00 Hs. Se informar\u00e1 a partir de las 12:00 si se efectuar\u00e1 o no un Cierre Preventivo\u00bb<\/em><\/strong>, confirm\u00f3 el vocero Osvaldo Valle en las primeras horas de la ma\u00f1ana de este s\u00e1bado.<\/p>\n<div class=\"widget-twitter\">\n<div class=\"twitter-tweet twitter-tweet-rendered\"><iframe id=\"twitter-widget-0\" class=\"\" title=\"Twitter Tweet\" src=\"https:\/\/platform.twitter.com\/embed\/Tweet.html?dnt=false&amp;embedId=twitter-widget-0&amp;features=eyJ0ZndfdGltZWxpbmVfbGlzdCI6eyJidWNrZXQiOltdLCJ2ZXJzaW9uIjpudWxsfSwidGZ3X2ZvbGxvd2VyX2NvdW50X3N1bnNldCI6eyJidWNrZXQiOnRydWUsInZlcnNpb24iOm51bGx9LCJ0ZndfdHdlZXRfZWRpdF9iYWNrZW5kIjp7ImJ1Y2tldCI6Im9uIiwidmVyc2lvbiI6bnVsbH0sInRmd19yZWZzcmNfc2Vzc2lvbiI6eyJidWNrZXQiOiJvbiIsInZlcnNpb24iOm51bGx9LCJ0ZndfZm9zbnJfc29mdF9pbnRlcnZlbnRpb25zX2VuYWJsZWQiOnsiYnVja2V0Ijoib24iLCJ2ZXJzaW9uIjpudWxsfSwidGZ3X21peGVkX21lZGlhXzE1ODk3Ijp7ImJ1Y2tldCI6InRyZWF0bWVudCIsInZlcnNpb24iOm51bGx9LCJ0ZndfZXhwZXJpbWVudHNfY29va2llX2V4cGlyYXRpb24iOnsiYnVja2V0IjoxMjA5NjAwLCJ2ZXJzaW9uIjpudWxsfSwidGZ3X3Nob3dfYmlyZHdhdGNoX3Bpdm90c19lbmFibGVkIjp7ImJ1Y2tldCI6Im9uIiwidmVyc2lvbiI6bnVsbH0sInRmd19kdXBsaWNhdGVfc2NyaWJlc190b19zZXR0aW5ncyI6eyJidWNrZXQiOiJvbiIsInZlcnNpb24iOm51bGx9LCJ0ZndfdXNlX3Byb2ZpbGVfaW1hZ2Vfc2hhcGVfZW5hYmxlZCI6eyJidWNrZXQiOiJvbiIsInZlcnNpb24iOm51bGx9LCJ0ZndfdmlkZW9faGxzX2R5bmFtaWNfbWFuaWZlc3RzXzE1MDgyIjp7ImJ1Y2tldCI6InRydWVfYml0cmF0ZSIsInZlcnNpb24iOm51bGx9LCJ0ZndfbGVnYWN5X3RpbWVsaW5lX3N1bnNldCI6eyJidWNrZXQiOnRydWUsInZlcnNpb24iOm51bGx9LCJ0ZndfdHdlZXRfZWRpdF9mcm9udGVuZCI6eyJidWNrZXQiOiJvbiIsInZlcnNpb24iOm51bGx9fQ%3D%3D&amp;frame=false&amp;hideCard=false&amp;hideThread=false&amp;id=1664946837856350208&amp;lang=en&amp;origin=https%3A%2F%2Fwww.mdzol.com%2Fsociedad%2F2023%2F6%2F3%2Fse-evalua-un-posible-cierre-del-paso-cristo-redentor-este-sabado-los-motivos-342782.html&amp;sessionId=31cf579468023a46418c4d41af4bf094286fa878&amp;siteScreenName=mdzol&amp;theme=light&amp;widgetsVersion=aaf4084522e3a%3A1674595607486&amp;width=550px\" frameborder=\"0\" scrolling=\"no\" allowfullscreen=\"allowfullscreen\" data-tweet-id=\"1664946837856350208\" data-mce-fragment=\"1\"><\/iframe><\/div>\n<\/div>\n<p>Mientras tanto, el inicio del horario de invierno trajo aparejado un reclamo de\u00a0<strong>camioneros\u00a0<\/strong>que piden que se mantenga el horario extendido durante la noche para cruzar al vecino pa\u00eds tanto de ida como de vuelta. En la primera jornada cruzaron 1.600 camiones, n\u00famero que coincide con los que logran hacerlo en horario extendido, aunque los camioneros exigen que el Paso funcione las 24 horas, aunque desde Chile mostraron una respuesta negativa al respecto.<\/p>\n","protected":false},"excerpt":{"rendered":"<p>La situaci\u00f3n de inestabilidad en alta monta\u00f1a hace que las circunstancias no sean las \u00f3ptimas en el cruce al veicno pa\u00eds &#8230;<\/p>\n","protected":false},"author":7,"featured_media":122838,"comment_status":"open","ping_status":"open","sticky":false,"template":"","format":"standard","meta":{"footnotes":""},"categories":[1],"tags":[],"class_list":["post-122837","post","type-post","status-publish","format-standard","has-post-thumbnail","hentry","category-fmvinas"],"_links":{"self":[{"href":"https:\/\/vinasfm.com\/noticias\/wp-json\/wp\/v2\/posts\/122837","targetHints":{"allow":["GET"]}}],"collection":[{"href":"https:\/\/vinasfm.com\/noticias\/wp-json\/wp\/v2\/posts"}],"about":[{"href":"https:\/\/vinasfm.com\/noticias\/wp-json\/wp\/v2\/types\/post"}],"author":[{"embeddable":true,"href":"https:\/\/vinasfm.com\/noticias\/wp-json\/wp\/v2\/users\/7"}],"replies":[{"embeddable":true,"href":"https:\/\/vinasfm.com\/noticias\/wp-json\/wp\/v2\/comments?post=122837"}],"version-history":[{"count":1,"href":"https:\/\/vinasfm.com\/noticias\/wp-json\/wp\/v2\/posts\/122837\/revisions"}],"predecessor-version":[{"id":122839,"href":"https:\/\/vinasfm.com\/noticias\/wp-json\/wp\/v2\/posts\/122837\/revisions\/122839"}],"wp:featuredmedia":[{"embeddable":true,"href":"https:\/\/vinasfm.com\/noticias\/wp-json\/wp\/v2\/media\/122838"}],"wp:attachment":[{"href":"https:\/\/vinasfm.com\/noticias\/wp-json\/wp\/v2\/media?parent=122837"}],"wp:term":[{"taxonomy":"category","embeddable":true,"href":"https:\/\/vinasfm.com\/noticias\/wp-json\/wp\/v2\/categories?post=122837"},{"taxonomy":"post_tag","embeddable":true,"href":"https:\/\/vinasfm.com\/noticias\/wp-json\/wp\/v2\/tags?post=122837"}],"curies":[{"name":"wp","href":"https:\/\/api.w.org\/{rel}","templated":true}]}}