{"id":122834,"date":"2023-06-03T09:55:57","date_gmt":"2023-06-03T12:55:57","guid":{"rendered":"https:\/\/vinasfm.com\/noticias\/?p=122834"},"modified":"2023-06-05T08:55:55","modified_gmt":"2023-06-05T11:55:55","slug":"el-consejo-de-bromatologia-provincial-se-reunio-en-general-alvear","status":"publish","type":"post","link":"https:\/\/vinasfm.com\/noticias\/el-consejo-de-bromatologia-provincial-se-reunio-en-general-alvear\/","title":{"rendered":"EL CONSEJO DE BROMATOLOG\u00cdA PROVINCIAL SE REUNI\u00d3 EN GENERAL ALVEAR"},"content":{"rendered":"<p><strong>El Director de Bromatolog\u00eda de la Provincia Daniel Rabino junto a la Directora de Inspecci\u00f3n general reuni\u00f3n del cuarto encuentro anual del Consejo de Bromatolog\u00eda en Casa Salonia.<\/strong><\/p>\n<p>El Consejo de bromatolog\u00eda tiene por objetivo juntar a todas las oficinas de bromatolog\u00eda de los municipios mendocinos, tiene por fin trabajar en conjunto, ver las realidades de cada uno, solucionar sus problemas. Hoy estuvo presente tambi\u00e9n la Direcci\u00f3n de Ganader\u00eda.<\/p>\n<p><strong><em>\u201cEste consejo tiene un grupo donde hay comunicaci\u00f3n permanente, donde se consulta la manera de actuar, lo que da firmeza en los procedimientos y ayuda a hacerlo como corresponde, para transitar un camino con ayuda de todos, para trabajar en la salud de la gente y en la prevenci\u00f3n<\/em><\/strong>\u201d, subray\u00f3 Daniel Rabino.<\/p>\n<p>Por otra parte, destac\u00f3 que el actual problema es la informalidad, <strong><em>\u201ctodos los productos que no pasan por un laboratorio bromatol\u00f3gico municipal para su habilitaci\u00f3n, no cuenta con registro de higiene su establecimiento y registro de producto, es el principal inconveniente porque nos se sabe en qu\u00e9 condiciones se elabora, con qu\u00e9 materia prima, si sus elaboradores cuentan con el curso obligatorio adecuado a la tarea que realizan\u201d.<\/em><\/strong><\/p>\n","protected":false},"excerpt":{"rendered":"<p>El Director de Bromatolog\u00eda de la Provincia Daniel Rabino junto a la Directora de Inspecci\u00f3n general reuni\u00f3n del cuarto encuentro anual &#8230;<\/p>\n","protected":false},"author":7,"featured_media":122835,"comment_status":"open","ping_status":"open","sticky":false,"template":"","format":"standard","meta":{"footnotes":""},"categories":[5,7],"tags":[],"class_list":["post-122834","post","type-post","status-publish","format-standard","has-post-thumbnail","hentry","category-actualidad","category-politica"],"_links":{"self":[{"href":"https:\/\/vinasfm.com\/noticias\/wp-json\/wp\/v2\/posts\/122834","targetHints":{"allow":["GET"]}}],"collection":[{"href":"https:\/\/vinasfm.com\/noticias\/wp-json\/wp\/v2\/posts"}],"about":[{"href":"https:\/\/vinasfm.com\/noticias\/wp-json\/wp\/v2\/types\/post"}],"author":[{"embeddable":true,"href":"https:\/\/vinasfm.com\/noticias\/wp-json\/wp\/v2\/users\/7"}],"replies":[{"embeddable":true,"href":"https:\/\/vinasfm.com\/noticias\/wp-json\/wp\/v2\/comments?post=122834"}],"version-history":[{"count":1,"href":"https:\/\/vinasfm.com\/noticias\/wp-json\/wp\/v2\/posts\/122834\/revisions"}],"predecessor-version":[{"id":122836,"href":"https:\/\/vinasfm.com\/noticias\/wp-json\/wp\/v2\/posts\/122834\/revisions\/122836"}],"wp:featuredmedia":[{"embeddable":true,"href":"https:\/\/vinasfm.com\/noticias\/wp-json\/wp\/v2\/media\/122835"}],"wp:attachment":[{"href":"https:\/\/vinasfm.com\/noticias\/wp-json\/wp\/v2\/media?parent=122834"}],"wp:term":[{"taxonomy":"category","embeddable":true,"href":"https:\/\/vinasfm.com\/noticias\/wp-json\/wp\/v2\/categories?post=122834"},{"taxonomy":"post_tag","embeddable":true,"href":"https:\/\/vinasfm.com\/noticias\/wp-json\/wp\/v2\/tags?post=122834"}],"curies":[{"name":"wp","href":"https:\/\/api.w.org\/{rel}","templated":true}]}}