{"id":122825,"date":"2023-06-03T09:47:50","date_gmt":"2023-06-03T12:47:50","guid":{"rendered":"https:\/\/vinasfm.com\/noticias\/?p=122825"},"modified":"2023-06-03T11:11:59","modified_gmt":"2023-06-03T14:11:59","slug":"pablo-longo-dio-detalles-sobre-la-extension-del-recuperagro","status":"publish","type":"post","link":"https:\/\/vinasfm.com\/noticias\/pablo-longo-dio-detalles-sobre-la-extension-del-recuperagro\/","title":{"rendered":"PABLO LONGO DIO DETALLES SOBRE LA EXTENSI\u00d3N DEL RECUPERAGRO"},"content":{"rendered":"<h4>Es en el marco del programa articulado por el Ministerio de Econom\u00eda provincial, que brinda asistencia en General Alvear, a 565 personas, el Director de Desarrollo e Innovavi\u00f3n Pablo Longo aclar\u00f3 a quien esta dirigido este plan<\/h4>\n<p>El Gobernador anunci\u00f3 la extensi\u00f3n del programa que brinda asistencia econ\u00f3mica, destinada a micro, peque\u00f1os y medianos productores, trabajadores registrados y personas desocupadas que deseen formarse en dichas actividades.<\/p>\n<p>El programa Recuperagro 1 se cre\u00f3 en diciembre de 2022 y est\u00e1 destinado a la asistencia econ\u00f3mica, para micro, peque\u00f1os y medianos productores, trabajadores registrados y personas desocupadas que deseen formarse en dichas actividades. Se trata de una ayuda equivalente a 60% del salario m\u00ednimo, vital y m\u00f3vil vigente en cada mes de existencia del programa de las actividades laborales productivas afectadas por heladas tard\u00edas durante 2022.<\/p>\n<p>Desde su creaci\u00f3n y hasta la fecha, se ha beneficiado a 3.800 personas, de 15 departamentos de la provincia, por una suma total de $853.230.446.<\/p>\n<p>En este caso <strong>Pablo Longo<\/strong> resalt\u00f3: <em><strong>&#8216;es bueno aclarar aquellos que han sido beneficiarios de este programa deben pasar por nuestras oficinas en Intendente Morales 550 y los vecinos de Bowen deben pasar por el TECNOSUM&#8217;<\/strong><\/em><\/p>\n<p><em><strong>&#8216;Deben hacer la extensi\u00f3n de este programa, es un tramite sencillo, debemos tener el dni, firma de alg\u00fan convenio solicit\u00e1ndolo donde podr\u00e1n acceder a tres meses m\u00e1s, en este caso ser\u00eda junio, julio y agosto&#8217;<\/strong><\/em><\/p>\n<p>&nbsp;<\/p>\n","protected":false},"excerpt":{"rendered":"<p>Es en el marco del programa articulado por el Ministerio de Econom\u00eda provincial, que brinda asistencia en General Alvear, a 565 &#8230;<\/p>\n","protected":false},"author":7,"featured_media":122828,"comment_status":"open","ping_status":"open","sticky":false,"template":"","format":"standard","meta":{"footnotes":""},"categories":[1],"tags":[],"class_list":["post-122825","post","type-post","status-publish","format-standard","has-post-thumbnail","hentry","category-fmvinas"],"_links":{"self":[{"href":"https:\/\/vinasfm.com\/noticias\/wp-json\/wp\/v2\/posts\/122825","targetHints":{"allow":["GET"]}}],"collection":[{"href":"https:\/\/vinasfm.com\/noticias\/wp-json\/wp\/v2\/posts"}],"about":[{"href":"https:\/\/vinasfm.com\/noticias\/wp-json\/wp\/v2\/types\/post"}],"author":[{"embeddable":true,"href":"https:\/\/vinasfm.com\/noticias\/wp-json\/wp\/v2\/users\/7"}],"replies":[{"embeddable":true,"href":"https:\/\/vinasfm.com\/noticias\/wp-json\/wp\/v2\/comments?post=122825"}],"version-history":[{"count":4,"href":"https:\/\/vinasfm.com\/noticias\/wp-json\/wp\/v2\/posts\/122825\/revisions"}],"predecessor-version":[{"id":122840,"href":"https:\/\/vinasfm.com\/noticias\/wp-json\/wp\/v2\/posts\/122825\/revisions\/122840"}],"wp:featuredmedia":[{"embeddable":true,"href":"https:\/\/vinasfm.com\/noticias\/wp-json\/wp\/v2\/media\/122828"}],"wp:attachment":[{"href":"https:\/\/vinasfm.com\/noticias\/wp-json\/wp\/v2\/media?parent=122825"}],"wp:term":[{"taxonomy":"category","embeddable":true,"href":"https:\/\/vinasfm.com\/noticias\/wp-json\/wp\/v2\/categories?post=122825"},{"taxonomy":"post_tag","embeddable":true,"href":"https:\/\/vinasfm.com\/noticias\/wp-json\/wp\/v2\/tags?post=122825"}],"curies":[{"name":"wp","href":"https:\/\/api.w.org\/{rel}","templated":true}]}}