{"id":122814,"date":"2023-06-02T20:33:33","date_gmt":"2023-06-02T23:33:33","guid":{"rendered":"https:\/\/vinasfm.com\/noticias\/?p=122814"},"modified":"2023-06-05T09:20:35","modified_gmt":"2023-06-05T12:20:35","slug":"2-de-junio-dia-nacional-del-bombero-voluntario","status":"publish","type":"post","link":"https:\/\/vinasfm.com\/noticias\/2-de-junio-dia-nacional-del-bombero-voluntario\/","title":{"rendered":"2 DE JUNIO: D\u00cdA NACIONAL DEL BOMBERO VOLUNTARIO"},"content":{"rendered":"<p><strong>Este 2 de junio se celebra en todo el pa\u00eds el D\u00eda Nacional del Bombero Voluntario en honor a la fundaci\u00f3n del primer cuerpo de bomberos voluntarios de La Boca.<\/strong><\/p>\n<p>En la actualidad, Argentina cuenta con m\u00e1s de 43.000 bomberos voluntarios, de los cuales 7000 son mujeres, distribuidos en m\u00e1s de 900 cuerpos en todo el pa\u00eds.<\/p>\n<p>Heber Rodr\u00edguez, del cuerpo de Bomberos Voluntarios de Bowen salud\u00f3 con alegr\u00eda a sus compa\u00f1eros y colegas, y se dirigi\u00f3 a la comunidad para evitar ponerse en riesgo. <strong><em>\u00abLa mayor\u00eda de los incendios que se registran en la provincia son a causa del hombre, por ahora hay pocos incendios y podemos cubrirlos pero lamentablemente en tres meses aumentan los casos y no damos abasto\u00bb.<\/em><\/strong><\/p>\n<p>En la actualidad el cuerpo de Bomberos Voluntarios de Bowen cuenta con 13 integrantes y aspirantes en formaci\u00f3n. En cuanto al equipo cuentan con dos autobomba, un cami\u00f3n cisterna y dos camionetas equipadas para los incendios forestales.<\/p>\n<p>Sobre la cobertura de gastos expres\u00f3, <strong><em>\u00abtenemos $14000 por mes disponibles para el combustible de todas las movilidades\u00bb<\/em> <\/strong>y agreg\u00f3 <strong><em>\u00abcontamos con la ayuda de COSPAC y algunas empresas que se suman a colaborar, sin embargo en temporada se dificulta la tarea si no tenemos combustible a disposici\u00f3n\u00bb.\u00a0<\/em><\/strong><\/p>\n<p><strong><em>\u00abTenemos los conocimientos y los recursos humanos necesarios pero a veces la necesidad de recursos materiales, que no dependen de nosotros, nos trae algunos inconvenientes\u00bb<\/em><\/strong>, concluy\u00f3 Heber Rodr\u00edguez.<\/p>\n<p>&nbsp;<\/p>\n<p><a href=\"http:\/\/vinasfm.com\/noticias\/wp-content\/uploads\/2023\/06\/bomberosbowenentrega1.jpg\"><img loading=\"lazy\" decoding=\"async\" class=\"wp-image-122816 aligncenter\" src=\"http:\/\/vinasfm.com\/noticias\/wp-content\/uploads\/2023\/06\/bomberosbowenentrega1.jpg\" alt=\"\" width=\"500\" height=\"281\" srcset=\"https:\/\/vinasfm.com\/noticias\/wp-content\/uploads\/2023\/06\/bomberosbowenentrega1.jpg 640w, https:\/\/vinasfm.com\/noticias\/wp-content\/uploads\/2023\/06\/bomberosbowenentrega1-300x169.jpg 300w\" sizes=\"auto, (max-width: 500px) 100vw, 500px\" \/><\/a><\/p>\n<header>\n<h2 class=\"fuente-arimo-bold-18\">\u00bfC\u00f3mo ser Bombero Voluntario?<\/h2>\n<\/header>\n<p>Para ser Bombero Voluntario de la Rep\u00fablica Argentina se deben cumplir con los siguientes pasos:<\/p>\n<ul>\n<li>Tener 18 a\u00f1os.<\/li>\n<li>Presentarse ante la Asociaci\u00f3n de Bomberos Voluntarios m\u00e1s cercana al domicilio y consultar all\u00ed vacantes y requisitos de inscripci\u00f3n para la formaci\u00f3n como Bombero Voluntario (listado de Asociaciones de Bomberos Voluntarios de todo el pa\u00eds disponible en\u00a0<a href=\"http:\/\/www.bomberosra.org.ar\/\" target=\"_blank\" rel=\"noopener noreferrer\" data-saferedirecturl=\"https:\/\/www.google.com\/url?q=http:\/\/www.bomberosra.org.ar&amp;source=gmail&amp;ust=1540497138536000&amp;usg=AFQjCNEfCDroFyEEH-telQMB766Eioj5QQ\">www.bomberosra.org.ar<\/a>)<\/li>\n<li>La formaci\u00f3n de Aspirante a Bombero Voluntario tiene una duraci\u00f3n m\u00ednima de 1 (un) a\u00f1o, la cual puede ser mayor de acuerdo a cada provincia.<\/li>\n<li>Luego de finalizar y aprobar la formaci\u00f3n se obtiene la certificaci\u00f3n y se presta juramento.<\/li>\n<\/ul>\n","protected":false},"excerpt":{"rendered":"<p>Este 2 de junio se celebra en todo el pa\u00eds el D\u00eda Nacional del Bombero Voluntario en honor a la fundaci\u00f3n &#8230;<\/p>\n","protected":false},"author":7,"featured_media":122815,"comment_status":"open","ping_status":"open","sticky":false,"template":"","format":"standard","meta":{"footnotes":""},"categories":[5,11],"tags":[],"class_list":["post-122814","post","type-post","status-publish","format-standard","has-post-thumbnail","hentry","category-actualidad","category-sociales"],"_links":{"self":[{"href":"https:\/\/vinasfm.com\/noticias\/wp-json\/wp\/v2\/posts\/122814","targetHints":{"allow":["GET"]}}],"collection":[{"href":"https:\/\/vinasfm.com\/noticias\/wp-json\/wp\/v2\/posts"}],"about":[{"href":"https:\/\/vinasfm.com\/noticias\/wp-json\/wp\/v2\/types\/post"}],"author":[{"embeddable":true,"href":"https:\/\/vinasfm.com\/noticias\/wp-json\/wp\/v2\/users\/7"}],"replies":[{"embeddable":true,"href":"https:\/\/vinasfm.com\/noticias\/wp-json\/wp\/v2\/comments?post=122814"}],"version-history":[{"count":2,"href":"https:\/\/vinasfm.com\/noticias\/wp-json\/wp\/v2\/posts\/122814\/revisions"}],"predecessor-version":[{"id":122882,"href":"https:\/\/vinasfm.com\/noticias\/wp-json\/wp\/v2\/posts\/122814\/revisions\/122882"}],"wp:featuredmedia":[{"embeddable":true,"href":"https:\/\/vinasfm.com\/noticias\/wp-json\/wp\/v2\/media\/122815"}],"wp:attachment":[{"href":"https:\/\/vinasfm.com\/noticias\/wp-json\/wp\/v2\/media?parent=122814"}],"wp:term":[{"taxonomy":"category","embeddable":true,"href":"https:\/\/vinasfm.com\/noticias\/wp-json\/wp\/v2\/categories?post=122814"},{"taxonomy":"post_tag","embeddable":true,"href":"https:\/\/vinasfm.com\/noticias\/wp-json\/wp\/v2\/tags?post=122814"}],"curies":[{"name":"wp","href":"https:\/\/api.w.org\/{rel}","templated":true}]}}