{"id":122804,"date":"2023-06-02T18:17:34","date_gmt":"2023-06-02T21:17:34","guid":{"rendered":"https:\/\/vinasfm.com\/noticias\/?p=122804"},"modified":"2023-06-02T18:17:34","modified_gmt":"2023-06-02T21:17:34","slug":"tenes-planes-para-el-fin-de-semana-agenda-cultural-3","status":"publish","type":"post","link":"https:\/\/vinasfm.com\/noticias\/tenes-planes-para-el-fin-de-semana-agenda-cultural-3\/","title":{"rendered":"\u00bfTENES PLANES PARA EL FIN DE SEMANA? AGENDA CULTURAL"},"content":{"rendered":"<p><strong>Como cada fin de semana, General Alvear ofrece un sin fin de actividades.<\/strong><\/p>\n<h2>\u00bfLo tuyo es la naturaleza?<\/h2>\n<ul>\n<li>Costanera Alvear abierto de jueves a domingo, de 14:30 a 20:30h<\/li>\n<li>Reserva municipal El Trapal, todos los d\u00edas de 10 a 19h<\/li>\n<\/ul>\n<h2>O tal vez te gusta disfrutar del arte<\/h2>\n<ul>\n<li>Multiespacio cultural Bodega Fara\u00f3n s\u00e1bados, domingos y feriados de 10 a 17h<\/li>\n<li>Museo municipal del Inmigrante s\u00e1bados, domingos y feriados de 9 a 12hs y de 16 a 19h<\/li>\n<li>Museo de Ciencias Naturales Rafael Reinoso s\u00e1bados, domingos y feriados 14:30 a 18:30h<\/li>\n<\/ul>\n<h2>O quiz\u00e1s prefieras pasar el fin de semana mirando pel\u00edculas<\/h2>\n<h3>Cartelera de Cine 2D<\/h3>\n<ul>\n<li>Spider-Man: a trav\u00e9s del Spider-Verso_ S\u00e1bado y domingo 16:00h<\/li>\n<\/ul>\n<h3>Cartelera de Cine 3D<\/h3>\n<ul>\n<li>La Sirenita: S\u00e1bado y domingo 19:30h.<\/li>\n<\/ul>\n<p><a href=\"http:\/\/vinasfm.com\/noticias\/wp-content\/uploads\/2023\/06\/WhatsApp-Image-2023-05-31-at-09.12.52.jpeg\"><img loading=\"lazy\" decoding=\"async\" class=\"wp-image-122805 aligncenter\" src=\"http:\/\/vinasfm.com\/noticias\/wp-content\/uploads\/2023\/06\/WhatsApp-Image-2023-05-31-at-09.12.52.jpeg\" alt=\"\" width=\"500\" height=\"556\" srcset=\"https:\/\/vinasfm.com\/noticias\/wp-content\/uploads\/2023\/06\/WhatsApp-Image-2023-05-31-at-09.12.52.jpeg 1438w, https:\/\/vinasfm.com\/noticias\/wp-content\/uploads\/2023\/06\/WhatsApp-Image-2023-05-31-at-09.12.52-270x300.jpeg 270w, https:\/\/vinasfm.com\/noticias\/wp-content\/uploads\/2023\/06\/WhatsApp-Image-2023-05-31-at-09.12.52-920x1024.jpeg 920w, https:\/\/vinasfm.com\/noticias\/wp-content\/uploads\/2023\/06\/WhatsApp-Image-2023-05-31-at-09.12.52-768x855.jpeg 768w, https:\/\/vinasfm.com\/noticias\/wp-content\/uploads\/2023\/06\/WhatsApp-Image-2023-05-31-at-09.12.52-1380x1536.jpeg 1380w\" sizes=\"auto, (max-width: 500px) 100vw, 500px\" \/><\/a><\/p>\n<h2>S\u00e1bado 27 de mayo<\/h2>\n<ul>\n<li>Nacimiento de Manuel Belgrano<\/li>\n<li>D\u00eda del Inmigrante Italiano<\/li>\n<li>D\u00eda del Soldado Argentino<\/li>\n<li>Jornada nacional de lucha Ni una menos<\/li>\n<li>D\u00eda mundial de la bicicleta<\/li>\n<\/ul>\n<h3>Actividades<\/h3>\n<ul>\n<li>9:30 a 15h en Polideportivo municipal de Ciudad, etapa departamental de Tejo para clasificar a Juegos Sanmartinianos.\n<p>&nbsp;<\/li>\n<li>14:30h Yoga con alma en Bodega Cavas del Artesano, ubicada en la Ruta 188 km 791<\/li>\n<\/ul>\n<p><a href=\"http:\/\/vinasfm.com\/noticias\/wp-content\/uploads\/2023\/06\/350680342_124503750649704_8129207130703101032_n.jpg\"><img loading=\"lazy\" decoding=\"async\" class=\"wp-image-122809 aligncenter\" src=\"http:\/\/vinasfm.com\/noticias\/wp-content\/uploads\/2023\/06\/350680342_124503750649704_8129207130703101032_n.jpg\" alt=\"\" width=\"500\" height=\"500\" srcset=\"https:\/\/vinasfm.com\/noticias\/wp-content\/uploads\/2023\/06\/350680342_124503750649704_8129207130703101032_n.jpg 720w, https:\/\/vinasfm.com\/noticias\/wp-content\/uploads\/2023\/06\/350680342_124503750649704_8129207130703101032_n-300x300.jpg 300w, https:\/\/vinasfm.com\/noticias\/wp-content\/uploads\/2023\/06\/350680342_124503750649704_8129207130703101032_n-150x150.jpg 150w, https:\/\/vinasfm.com\/noticias\/wp-content\/uploads\/2023\/06\/350680342_124503750649704_8129207130703101032_n-360x360.jpg 360w\" sizes=\"auto, (max-width: 500px) 100vw, 500px\" \/><\/a><\/p>\n<ul>\n<li>17:00h Presentaci\u00f3n del libro \u00abEsperanza 11\u00bb de la escritora Mar\u00eda Alejandra Gil. En el Zoom de la Casa Salonia<\/li>\n<\/ul>\n<p><a href=\"http:\/\/vinasfm.com\/noticias\/wp-content\/uploads\/2023\/06\/1b69c60f-8a72-45ed-981d-5a9f82d2843f.jpg\"><img loading=\"lazy\" decoding=\"async\" class=\"wp-image-122806 aligncenter\" src=\"http:\/\/vinasfm.com\/noticias\/wp-content\/uploads\/2023\/06\/1b69c60f-8a72-45ed-981d-5a9f82d2843f.jpg\" alt=\"\" width=\"500\" height=\"550\" srcset=\"https:\/\/vinasfm.com\/noticias\/wp-content\/uploads\/2023\/06\/1b69c60f-8a72-45ed-981d-5a9f82d2843f.jpg 1257w, https:\/\/vinasfm.com\/noticias\/wp-content\/uploads\/2023\/06\/1b69c60f-8a72-45ed-981d-5a9f82d2843f-273x300.jpg 273w, https:\/\/vinasfm.com\/noticias\/wp-content\/uploads\/2023\/06\/1b69c60f-8a72-45ed-981d-5a9f82d2843f-931x1024.jpg 931w, https:\/\/vinasfm.com\/noticias\/wp-content\/uploads\/2023\/06\/1b69c60f-8a72-45ed-981d-5a9f82d2843f-768x844.jpg 768w\" sizes=\"auto, (max-width: 500px) 100vw, 500px\" \/><\/a><\/p>\n<h3>Domingo 28 de mayo<\/h3>\n<ul>\n<li>D\u00eda internacional de los Ni\u00f1os V\u00edctimas Inocentes de Agresi\u00f3n<\/li>\n<\/ul>\n<h3>Actividades<\/h3>\n<ul>\n<li>16:00h Peatonal en tu Barrio en Barrio Puel Map\u00fa de Bowen. Artistas: CAF Academia de Danzas, Mauricio y Gema, Alejandro \u00c1lvarez \u00abMariachi\u00bb, Grupo Agua Cristal, Pinta en vivo taller municipal de Dibujo y Pintura del Distrito<\/li>\n<\/ul>\n<p>&nbsp;<\/p>\n","protected":false},"excerpt":{"rendered":"<p>Como cada fin de semana, General Alvear ofrece un sin fin de actividades. \u00bfLo tuyo es la naturaleza? Costanera Alvear abierto &#8230;<\/p>\n","protected":false},"author":7,"featured_media":122193,"comment_status":"open","ping_status":"open","sticky":false,"template":"","format":"standard","meta":{"footnotes":""},"categories":[1],"tags":[],"class_list":["post-122804","post","type-post","status-publish","format-standard","has-post-thumbnail","hentry","category-fmvinas"],"_links":{"self":[{"href":"https:\/\/vinasfm.com\/noticias\/wp-json\/wp\/v2\/posts\/122804","targetHints":{"allow":["GET"]}}],"collection":[{"href":"https:\/\/vinasfm.com\/noticias\/wp-json\/wp\/v2\/posts"}],"about":[{"href":"https:\/\/vinasfm.com\/noticias\/wp-json\/wp\/v2\/types\/post"}],"author":[{"embeddable":true,"href":"https:\/\/vinasfm.com\/noticias\/wp-json\/wp\/v2\/users\/7"}],"replies":[{"embeddable":true,"href":"https:\/\/vinasfm.com\/noticias\/wp-json\/wp\/v2\/comments?post=122804"}],"version-history":[{"count":2,"href":"https:\/\/vinasfm.com\/noticias\/wp-json\/wp\/v2\/posts\/122804\/revisions"}],"predecessor-version":[{"id":122810,"href":"https:\/\/vinasfm.com\/noticias\/wp-json\/wp\/v2\/posts\/122804\/revisions\/122810"}],"wp:featuredmedia":[{"embeddable":true,"href":"https:\/\/vinasfm.com\/noticias\/wp-json\/wp\/v2\/media\/122193"}],"wp:attachment":[{"href":"https:\/\/vinasfm.com\/noticias\/wp-json\/wp\/v2\/media?parent=122804"}],"wp:term":[{"taxonomy":"category","embeddable":true,"href":"https:\/\/vinasfm.com\/noticias\/wp-json\/wp\/v2\/categories?post=122804"},{"taxonomy":"post_tag","embeddable":true,"href":"https:\/\/vinasfm.com\/noticias\/wp-json\/wp\/v2\/tags?post=122804"}],"curies":[{"name":"wp","href":"https:\/\/api.w.org\/{rel}","templated":true}]}}